{"id":732,"date":"2025-11-21T12:16:19","date_gmt":"2025-11-21T11:16:19","guid":{"rendered":"https:\/\/buczkowski.ovh\/?p=732"},"modified":"2025-11-21T12:16:19","modified_gmt":"2025-11-21T11:16:19","slug":"cyberbezpieczenstwo-temat-nr-1-w-2025","status":"publish","type":"post","link":"https:\/\/buczkowski.ovh\/?p=732","title":{"rendered":"Cyberbezpiecze\u0144stwo \u2013 temat nr 1 w 2025"},"content":{"rendered":"\n<p>W mie\u015bcie \u0141odzi odby\u0142 si\u0119 XXVIII Kongres WOD\u2011KAN\u2011EKO (18-20 listopada 2025). Wydarzenie zgromadzi\u0142o ponad 400 uczestnik\u00f3w z sektora wodno-kanalizacyjnego. W jego trakcie poruszono wiele wa\u017cnych temat\u00f3w, ale w ka\u017cdym z nich swoje pi\u0119tno odcisn\u0119\u0142a kwestia \u201ebezpiecze\u0144stwa\u201d.<br><\/p>\n\n\n\n<p>Dzi\u0119ki zaproszeniu Organizator\u00f3w (<a href=\"http:\/\/www.kierunekwodkan.pl\" data-type=\"link\" data-id=\"www.kierunekwodkan.pl\">www.kierunekwodkan.pl<\/a>) mia\u0142em przyjemno\u015b\u0107 wzi\u0105\u0107 aktywny udzia\u0142 w debacie zatytu\u0142owanej \u201eWoda na celowniku. Bezpiecze\u0144stwo sektora wod-kan w Polsce\u201d. W swojej wypowiedzi, stara\u0142em si\u0119 zwr\u00f3ci\u0107 uwag\u0119 na konieczno\u015b\u0107 wdro\u017cenia jednolitego podej\u015bcia w traktowaniu wszystkich przedsi\u0119biorstw wodoci\u0105gowych (bez wzgl\u0119du na wielko\u015b\u0107 podmiotu) jako kluczowej infrastruktury krytycznej i zapewnienia wsparcia finansowego na wdro\u017cenia nowoczesnych rozwi\u0105za\u0144 ICT chroni\u0105cych przed cyber-zagro\u017ceniami.<br>Kongres Wod-kan-eko to wa\u017cne forum wymiany do\u015bwiadcze\u0144, analiz i wyzwa\u0144 dotycz\u0105cych bezpiecze\u0144stwa infrastruktury i troski o ci\u0105g\u0142o\u015b\u0107 dzia\u0142ania bran\u017cy wod-kan.<\/p>\n\n\n\n<figure class=\"wp-block-image size-full\"><img loading=\"lazy\" decoding=\"async\" width=\"690\" height=\"530\" src=\"https:\/\/buczkowski.ovh\/wp-content\/uploads\/2025\/11\/buczkow_wodkan25_2.jpg\" alt=\"\" class=\"wp-image-734\" srcset=\"https:\/\/buczkowski.ovh\/wp-content\/uploads\/2025\/11\/buczkow_wodkan25_2.jpg 690w, https:\/\/buczkowski.ovh\/wp-content\/uploads\/2025\/11\/buczkow_wodkan25_2-300x230.jpg 300w\" sizes=\"auto, (max-width: 690px) 100vw, 690px\" \/><figcaption class=\"wp-element-caption\">fot. www.kierunekwodkan.pl <\/figcaption><\/figure>\n\n\n\n<p><\/p>\n","protected":false},"excerpt":{"rendered":"<p>W mie\u015bcie \u0141odzi odby\u0142 si\u0119 XXVIII Kongres WOD\u2011KAN\u2011EKO (18-20 listopada 2025). Wydarzenie zgromadzi\u0142o ponad 400 uczestnik\u00f3w z sektora wodno-kanalizacyjnego. W jego trakcie poruszono wiele wa\u017cnych temat\u00f3w, ale w ka\u017cdym z nich swoje pi\u0119tno odcisn\u0119\u0142a kwestia \u201ebezpiecze\u0144stwa\u201d. Dzi\u0119ki zaproszeniu Organizator\u00f3w (www.kierunekwodkan.pl) mia\u0142em przyjemno\u015b\u0107 wzi\u0105\u0107 aktywny udzia\u0142 w debacie zatytu\u0142owanej \u201eWoda na celowniku. Bezpiecze\u0144stwo sektora wod-kan w&hellip;<\/p>\n<p class=\"more-link\"><a href=\"https:\/\/buczkowski.ovh\/?p=732\" class=\"themebutton2\">Read More<\/a><\/p>\n","protected":false},"author":1,"featured_media":733,"comment_status":"closed","ping_status":"","sticky":false,"template":"","format":"standard","meta":{"footnotes":""},"categories":[4],"tags":[],"class_list":["post-732","post","type-post","status-publish","format-standard","has-post-thumbnail","hentry","category-najnowsze-wpisy"],"_links":{"self":[{"href":"https:\/\/buczkowski.ovh\/index.php?rest_route=\/wp\/v2\/posts\/732","targetHints":{"allow":["GET"]}}],"collection":[{"href":"https:\/\/buczkowski.ovh\/index.php?rest_route=\/wp\/v2\/posts"}],"about":[{"href":"https:\/\/buczkowski.ovh\/index.php?rest_route=\/wp\/v2\/types\/post"}],"author":[{"embeddable":true,"href":"https:\/\/buczkowski.ovh\/index.php?rest_route=\/wp\/v2\/users\/1"}],"replies":[{"embeddable":true,"href":"https:\/\/buczkowski.ovh\/index.php?rest_route=%2Fwp%2Fv2%2Fcomments&post=732"}],"version-history":[{"count":1,"href":"https:\/\/buczkowski.ovh\/index.php?rest_route=\/wp\/v2\/posts\/732\/revisions"}],"predecessor-version":[{"id":735,"href":"https:\/\/buczkowski.ovh\/index.php?rest_route=\/wp\/v2\/posts\/732\/revisions\/735"}],"wp:featuredmedia":[{"embeddable":true,"href":"https:\/\/buczkowski.ovh\/index.php?rest_route=\/wp\/v2\/media\/733"}],"wp:attachment":[{"href":"https:\/\/buczkowski.ovh\/index.php?rest_route=%2Fwp%2Fv2%2Fmedia&parent=732"}],"wp:term":[{"taxonomy":"category","embeddable":true,"href":"https:\/\/buczkowski.ovh\/index.php?rest_route=%2Fwp%2Fv2%2Fcategories&post=732"},{"taxonomy":"post_tag","embeddable":true,"href":"https:\/\/buczkowski.ovh\/index.php?rest_route=%2Fwp%2Fv2%2Ftags&post=732"}],"curies":[{"name":"wp","href":"https:\/\/api.w.org\/{rel}","templated":true}]}}