{"id":712,"date":"2025-09-15T13:10:34","date_gmt":"2025-09-15T11:10:34","guid":{"rendered":"https:\/\/buczkowski.eu\/?p=709"},"modified":"2025-09-15T13:10:34","modified_gmt":"2025-09-15T11:10:34","slug":"biala-i-czarna-magia-ai","status":"publish","type":"post","link":"https:\/\/buczkowski.ovh\/?p=712","title":{"rendered":"Bia\u0142a i Czarna Magia AI"},"content":{"rendered":"\n<p>Sztuczna inteligencja \u201ezaciska\u201d p\u0119tl\u0119, a jest to p\u0119tla upleciona z fascynacji tematem, mo\u017cliwo\u015bciami AI, ale coraz cz\u0119\u015bciej tak\u017ce potencjalnymi zagro\u017ceniami. O tym wszystkim mia\u0142em przyjemno\u015b\u0107 podyskutowa\u0107 z Panem Marcinem Uchwa\u0142 (Prezesem KM P\u0142ock) oraz Petrosem Psyllos (<a href=\"https:\/\/petrospsyllos.com\/\" target=\"_blank\" rel=\"noreferrer noopener\">https:\/\/petrospsyllos.com\/<\/a>) w trakcie konferencji Transport 4.0 zorganizowanej 12 wrze\u015bnia 2025 roku w P\u0142ocku (wydarzenie towarzyszy\u0142o obchodom jubileuszu 65-lecia Komunikacji Miejskiej w P\u0142ocku). <\/p>\n\n\n\n<figure class=\"wp-block-image size-large\"><img loading=\"lazy\" decoding=\"async\" width=\"1024\" height=\"576\" src=\"https:\/\/buczkowski.ovh\/wp-content\/uploads\/2025\/09\/1000055161-1024x576.jpg\" alt=\"\" class=\"wp-image-710\" srcset=\"https:\/\/buczkowski.ovh\/wp-content\/uploads\/2025\/09\/1000055161-1024x576.jpg 1024w, https:\/\/buczkowski.ovh\/wp-content\/uploads\/2025\/09\/1000055161-300x169.jpg 300w, https:\/\/buczkowski.ovh\/wp-content\/uploads\/2025\/09\/1000055161-768x432.jpg 768w, https:\/\/buczkowski.ovh\/wp-content\/uploads\/2025\/09\/1000055161-1536x864.jpg 1536w, https:\/\/buczkowski.ovh\/wp-content\/uploads\/2025\/09\/1000055161.jpg 2048w\" sizes=\"auto, (max-width: 1024px) 100vw, 1024px\" \/><\/figure>\n\n\n\n<p>Dodatkowo mia\u0142em mo\u017cliwo\u015b\u0107 wyg\u0142oszenia kr\u00f3tkiego wyk\u0142adu pt. \u201eMagia AI \u2013 czy urz\u0119dnicy wierz\u0105 w czary?\u201d. Dzi\u0119kuj\u0119 za zaproszenie i gratuluj\u0119 KM P\u0142ock organizacji inspiruj\u0105cego spotkania.<\/p>\n","protected":false},"excerpt":{"rendered":"<p>Sztuczna inteligencja \u201ezaciska\u201d p\u0119tl\u0119, a jest to p\u0119tla upleciona z fascynacji tematem, mo\u017cliwo\u015bciami AI, ale coraz cz\u0119\u015bciej tak\u017ce potencjalnymi zagro\u017ceniami. O tym wszystkim mia\u0142em przyjemno\u015b\u0107 podyskutowa\u0107 z Panem Marcinem Uchwa\u0142 (Prezesem KM P\u0142ock) oraz Petrosem Psyllos (https:\/\/petrospsyllos.com\/) w trakcie konferencji Transport 4.0 zorganizowanej 12 wrze\u015bnia 2025 roku w P\u0142ocku (wydarzenie towarzyszy\u0142o obchodom jubileuszu 65-lecia Komunikacji&hellip;<\/p>\n<p class=\"more-link\"><a href=\"https:\/\/buczkowski.ovh\/?p=712\" class=\"themebutton2\">Read More<\/a><\/p>\n","protected":false},"author":2,"featured_media":711,"comment_status":"closed","ping_status":"closed","sticky":false,"template":"","format":"standard","meta":{"footnotes":""},"categories":[4],"tags":[],"class_list":["post-712","post","type-post","status-publish","format-standard","has-post-thumbnail","hentry","category-najnowsze-wpisy"],"_links":{"self":[{"href":"https:\/\/buczkowski.ovh\/index.php?rest_route=\/wp\/v2\/posts\/712","targetHints":{"allow":["GET"]}}],"collection":[{"href":"https:\/\/buczkowski.ovh\/index.php?rest_route=\/wp\/v2\/posts"}],"about":[{"href":"https:\/\/buczkowski.ovh\/index.php?rest_route=\/wp\/v2\/types\/post"}],"author":[{"embeddable":true,"href":"https:\/\/buczkowski.ovh\/index.php?rest_route=\/wp\/v2\/users\/2"}],"replies":[{"embeddable":true,"href":"https:\/\/buczkowski.ovh\/index.php?rest_route=%2Fwp%2Fv2%2Fcomments&post=712"}],"version-history":[{"count":0,"href":"https:\/\/buczkowski.ovh\/index.php?rest_route=\/wp\/v2\/posts\/712\/revisions"}],"wp:featuredmedia":[{"embeddable":true,"href":"https:\/\/buczkowski.ovh\/index.php?rest_route=\/wp\/v2\/media\/711"}],"wp:attachment":[{"href":"https:\/\/buczkowski.ovh\/index.php?rest_route=%2Fwp%2Fv2%2Fmedia&parent=712"}],"wp:term":[{"taxonomy":"category","embeddable":true,"href":"https:\/\/buczkowski.ovh\/index.php?rest_route=%2Fwp%2Fv2%2Fcategories&post=712"},{"taxonomy":"post_tag","embeddable":true,"href":"https:\/\/buczkowski.ovh\/index.php?rest_route=%2Fwp%2Fv2%2Ftags&post=712"}],"curies":[{"name":"wp","href":"https:\/\/api.w.org\/{rel}","templated":true}]}}