{"id":704,"date":"2025-08-20T09:25:30","date_gmt":"2025-08-20T07:25:30","guid":{"rendered":"https:\/\/buczkowski.eu\/?p=704"},"modified":"2025-08-20T09:25:30","modified_gmt":"2025-08-20T07:25:30","slug":"wazna-powazna-i-niepowazna-dyskusja-na-big-festivalowski","status":"publish","type":"post","link":"https:\/\/buczkowski.ovh\/?p=704","title":{"rendered":"Wa\u017cna, powa\u017cna i niepowa\u017cna &#8230; dyskusja na Big Festivalowski"},"content":{"rendered":"\n<p>W dniach 15-17 sierpnia (2025) mia\u0142em ogromn\u0105 przyjemno\u015b\u0107 po raz kolejny uczestniczy\u0107 w wyj\u0105tkowym wydarzeniu jakim jest BiG Festivalowski (https:\/\/bigfestivalowski.com\/). To festiwal pe\u0142ny pozytywnych tre\u015bci, \u015bmiechu i dobrych emocji, czyli: pokaz\u00f3w film\u00f3w komediowych i spotka\u0144 z tw\u00f3rcami, stand-up, improwizacje, dubbing na \u017cywo, a tak\u017ce warsztaty komediowe, improwizacyjne, aktorskie, fotograficzne czy tworzenia kraftowych mem\u00f3w.<\/p>\n\n\n\n<p>Jednak tym razem, dane by\u0142o mi do\u0142o\u017cy\u0107 swoj\u0105 tw\u00f3rcz\u0105 cegie\u0142k\u0119, ot\u00f3\u017c poprowadzi\u0142em dyskusj\u0119 z tr\u00f3jk\u0105 fantastycznych stand-up\u2019er\u00f3w: Agnieszk\u0105 Matan, Jackiem Stramikiem oraz Arkiem \u201eJaks\u0105\u201d Jakszewiczem, kt\u00f3rej ramy okre\u015bla\u0142 tytu\u0142: Standup \u2013 terapia szokowa czy wentyl bezpiecze\u0144stwa.<br>Podczas spotkania poruszyli\u015bmy temat roli stand-upu i generalnie \u015bmiechu we wsp\u00f3\u0142czesnym \u015bwiecie, gdzie tradycyjne relacje mi\u0119dzyludzkie ulegaj\u0105 os\u0142abieniu, a sztuka komediowa prezentowana w formie mocno bezpo\u015bredniego przekazu staje si\u0119 coraz wa\u017cniejszym narz\u0119dziem wyra\u017cania emocji, komentowania rzeczywisto\u015bci i budowania poczucia wsp\u00f3lnoty. Wsp\u00f3lnie z uczestnikami zastanawiali\u015bmy si\u0119, jak stand-up wp\u0142ywa na spo\u0142ecze\u0144stwo, czy mo\u017ce pe\u0142ni\u0107 funkcj\u0119 terapeutyczn\u0105 oraz w jaki spos\u00f3b staje si\u0119 wsp\u00f3\u0142czesnym \u201ewentylem bezpiecze\u0144stwa\u201d w obliczu r\u00f3\u017cnorodnych wyzwa\u0144 spo\u0142ecznych i np. wszechobecnego stresu (zdrowie, wojny, sytuacja ekonomiczna itp.).<br><\/p>\n\n\n\n<figure class=\"wp-block-image size-large\"><img loading=\"lazy\" decoding=\"async\" width=\"1024\" height=\"683\" src=\"https:\/\/buczkowski.ovh\/wp-content\/uploads\/2025\/08\/1000054035-1024x683.jpg\" alt=\"\" class=\"wp-image-705\" srcset=\"https:\/\/buczkowski.ovh\/wp-content\/uploads\/2025\/08\/1000054035-1024x683.jpg 1024w, https:\/\/buczkowski.ovh\/wp-content\/uploads\/2025\/08\/1000054035-300x200.jpg 300w, https:\/\/buczkowski.ovh\/wp-content\/uploads\/2025\/08\/1000054035-768x512.jpg 768w, https:\/\/buczkowski.ovh\/wp-content\/uploads\/2025\/08\/1000054035-1536x1024.jpg 1536w, https:\/\/buczkowski.ovh\/wp-content\/uploads\/2025\/08\/1000054035.jpg 2048w\" sizes=\"auto, (max-width: 1024px) 100vw, 1024px\" \/><figcaption>fot. Big Festivalowski <\/figcaption><\/figure>\n\n\n\n<p>Komicy podzielili si\u0119 ze s\u0142uchaczami swoim podej\u015bciem do robienia komedii, kulisami warsztatu oraz osobistymi refleksjami na inne wa\u017cne tematy. Dla mnie osobi\u015bcie by\u0142o to niezmiernie ciekawe do\u015bwiadczenie dyskutowania serio i nie na serio w tym samym czasie &#x1f60a;<\/p>\n","protected":false},"excerpt":{"rendered":"<p>W dniach 15-17 sierpnia (2025) mia\u0142em ogromn\u0105 przyjemno\u015b\u0107 po raz kolejny uczestniczy\u0107 w wyj\u0105tkowym wydarzeniu jakim jest BiG Festivalowski (https:\/\/bigfestivalowski.com\/). To festiwal pe\u0142ny pozytywnych tre\u015bci, \u015bmiechu i dobrych emocji, czyli: pokaz\u00f3w film\u00f3w komediowych i spotka\u0144 z tw\u00f3rcami, stand-up, improwizacje, dubbing na \u017cywo, a tak\u017ce warsztaty komediowe, improwizacyjne, aktorskie, fotograficzne czy tworzenia kraftowych mem\u00f3w. Jednak tym&hellip;<\/p>\n<p class=\"more-link\"><a href=\"https:\/\/buczkowski.ovh\/?p=704\" class=\"themebutton2\">Read More<\/a><\/p>\n","protected":false},"author":2,"featured_media":706,"comment_status":"closed","ping_status":"closed","sticky":false,"template":"","format":"standard","meta":{"footnotes":""},"categories":[4],"tags":[],"class_list":["post-704","post","type-post","status-publish","format-standard","has-post-thumbnail","hentry","category-najnowsze-wpisy"],"_links":{"self":[{"href":"https:\/\/buczkowski.ovh\/index.php?rest_route=\/wp\/v2\/posts\/704","targetHints":{"allow":["GET"]}}],"collection":[{"href":"https:\/\/buczkowski.ovh\/index.php?rest_route=\/wp\/v2\/posts"}],"about":[{"href":"https:\/\/buczkowski.ovh\/index.php?rest_route=\/wp\/v2\/types\/post"}],"author":[{"embeddable":true,"href":"https:\/\/buczkowski.ovh\/index.php?rest_route=\/wp\/v2\/users\/2"}],"replies":[{"embeddable":true,"href":"https:\/\/buczkowski.ovh\/index.php?rest_route=%2Fwp%2Fv2%2Fcomments&post=704"}],"version-history":[{"count":0,"href":"https:\/\/buczkowski.ovh\/index.php?rest_route=\/wp\/v2\/posts\/704\/revisions"}],"wp:featuredmedia":[{"embeddable":true,"href":"https:\/\/buczkowski.ovh\/index.php?rest_route=\/wp\/v2\/media\/706"}],"wp:attachment":[{"href":"https:\/\/buczkowski.ovh\/index.php?rest_route=%2Fwp%2Fv2%2Fmedia&parent=704"}],"wp:term":[{"taxonomy":"category","embeddable":true,"href":"https:\/\/buczkowski.ovh\/index.php?rest_route=%2Fwp%2Fv2%2Fcategories&post=704"},{"taxonomy":"post_tag","embeddable":true,"href":"https:\/\/buczkowski.ovh\/index.php?rest_route=%2Fwp%2Fv2%2Ftags&post=704"}],"curies":[{"name":"wp","href":"https:\/\/api.w.org\/{rel}","templated":true}]}}