{"id":698,"date":"2025-04-07T12:34:17","date_gmt":"2025-04-07T10:34:17","guid":{"rendered":"https:\/\/buczkowski.eu\/?p=698"},"modified":"2025-04-07T12:34:17","modified_gmt":"2025-04-07T10:34:17","slug":"secure-international-summit-2025","status":"publish","type":"post","link":"https:\/\/buczkowski.ovh\/?p=698","title":{"rendered":"SECURE International Summit 2025"},"content":{"rendered":"\n<p class=\"has-text-align-left\">Cyberbezpiecze\u0144stwo w ostatnim czasie odmieniane jest przez wszystkie przypadki i pojawia si\u0119 ju\u017c niemal w ka\u017cdej dziedzinie \u017cycia. Dost\u0119pnych jest sporo specjalistycznych publikacji, du\u017co dzieje si\u0119 tak\u017ce w obszarze kreowania tre\u015bci do szybkiej konsumpcji, czyli w mediach spo\u0142eczno\u015bciowych. Ta wspomniana ogromna masa sugeruje wag\u0119 tematu, o czym wspomnia\u0142 wicepremier i minister cyfryzacji Krzysztof Gawkowski podczas SECURE International Summit 2025, wydarzenia kt\u00f3re odby\u0142o si\u0119 w dniach 3-4 kwietnia w gmachu Opera Nova w Bydgoszczy w ramach polskiej prezydencji w Radzie UE.<\/p>\n\n\n\n<figure class=\"wp-block-image size-large\"><img decoding=\"async\" src=\"https:\/\/buczkowski.ovh\/wp-content\/uploads\/2025\/04\/securesummit25-1024x683.jpg\" alt=\"\" class=\"wp-image-701\"\/><\/figure>\n\n\n\n<p class=\"has-text-align-left\"><br>\u2013 <em>Spotkanie SECURE International Summit to nie tylko miejsce dyskusji, ale te\u017c jasny przekaz: za cyberbezpiecze\u0144stwo odpowiadaj\u0105 w\u0142a\u015bciciele system\u00f3w. To oni musz\u0105 mie\u0107 \u015bwiadomo\u015b\u0107 zagro\u017ce\u0144 i zadba\u0107 o odpowiednie zabezpieczenia. Pa\u0144stwo mo\u017ce wspiera\u0107, ale nie zast\u0105pi wiedzy i kompetencji ludzi w instytucjach, samorz\u0105dach i firmach. Bo w\u0142a\u015bnie tam \u2013 nie tylko w infrastrukturze IT \u2013 le\u017cy klucz do bezpiecze\u0144stwa cyfrowego w Polsce i Europie<\/em> \u2013 m\u00f3wi\u0142 wicepremier i minister cyfryzacji Krzysztof Gawkowski.<br><\/p>\n\n\n\n<h2 class=\"wp-block-heading\">CyberPolska w Bydgoszczy<\/h2>\n\n\n\n<p class=\"has-text-align-left\">Jak podaj\u0105 organizatorzy (<a href=\"https:\/\/nask.pl\/aktualnosci\/cyberbezpieczenstwo-secure-international-summit-2025\">nask.pl<\/a>) w dwudniowym spotkaniu uczestniczy\u0142o blisko 700 os\u00f3b, maj\u0105c do wyboru ponad 30 paneli i wyst\u0105pie\u0144 dotycz\u0105cych cyberzagro\u017ce\u0144 oraz szeroko rozumianej bran\u017cy IT. Konferencja SECURE International Summit by\u0142a tak\u017ce odpowiedzi\u0105 na dzia\u0142ania Brukseli dotycz\u0105ce inicjatyw cyberbezpiecze\u0144stwa: nowe ramy wsp\u00f3lnego zarz\u0105dzania cyber kryzysami (Cyber Blueprint) czy plan dzia\u0142a\u0144 na rzecz cyberodporno\u015bci sektora zdrowia (Action plan on the cybersecurity of hospitals and healthcare providers). W lutym Komisja Europejska opublikowa\u0142a projekt rozporz\u0105dzenia, kt\u00f3re b\u0119dzie regulowa\u0107 spos\u00f3b reagowania na te incydenty.<br><br>Ataki na infrastruktur\u0119 krytyczn\u0105 pa\u0144stw unijnych np. sektor energii, s\u0105 zagro\u017ceniem, zw\u0142aszcza w obliczu wojny u granic Unii Europejskiej oraz tocz\u0105cej si\u0119 wojny hybrydowej. Cyberataki mog\u0105 mie\u0107 wielkoskalowy charakter i dotyczy\u0107 jednego lub wi\u0119kszej liczby pa\u0144stw Wsp\u00f3lnoty. Dlatego niezb\u0119dny jest plan dzia\u0142ania. Celem Polski, podczas trwaj\u0105cej prezydencji, jest znalezienie konsensusu, wynegocjowanie jego kszta\u0142tu i wprowadzenie go w \u017cycie. Ponadto spotkanie w Bydgoszczy by\u0142o te\u017c pierwsz\u0105 okazj\u0105 do zapoznania si\u0119 z premierowym, rocznym raportem z dzia\u0142alno\u015bci CERT Polska w 2024 roku Warto zapozna\u0107 si\u0119 z wnioskami i statystykami, a tak\u017ce o tym, jak wygl\u0105da\u0142 w ubieg\u0142ym roku krajobraz zagro\u017ce\u0144 w polskiej cyberprzestrzeni &lt;<a href=\"https:\/\/cert.pl\/uploads\/docs\/Raport_CP_2024.pdf\">Raport do pobrania TUTAJ<\/a>>.<\/p>\n\n\n\n<h2 class=\"wp-block-heading\">Wyzwania cyberbezpiecze\u0144stwa to AI<\/h2>\n\n\n\n<p class=\"has-text-align-left\">Oczywistym jest, \u017ce nie mog\u0142o zabrakn\u0105\u0107 dyskusji o cyberwyzwaniach zwi\u0105zanych z rozwojem sztucznej inteligencji oraz kwestiach dotycz\u0105cych dezinformacji i rozmowy o wzmocnieniu wsp\u00f3\u0142pracy cywilno-wojskowej w zakresie cyfrowych zagro\u017ce\u0144, wyzwa\u0144 zwi\u0105zanych z wdra\u017caniem regulacji wzmacniaj\u0105cych cyberodporno\u015b\u0107 (Cyber Resilience Act).<br><\/p>\n\n\n\n<figure class=\"wp-block-image size-large\"><img decoding=\"async\" src=\"https:\/\/buczkowski.ovh\/wp-content\/uploads\/2025\/04\/securesummit25_2-1024x683.jpg\" alt=\"\" class=\"wp-image-700\"\/><figcaption>Skala cyberzagro\u017ce\u0144 w 2024<\/figcaption><\/figure>\n\n\n\n<p class=\"has-text-align-left\"><br>Uczestnictwo w opisanym wydarzeniu by\u0142o ciekawym i inspiruj\u0105cym do\u015bwiadczeniem, kt\u00f3re mo\u017cna podsumowa\u0107 has\u0142em przewodnim\u2026<br>Let\u2019s be SECURE<\/p>\n\n\n\n<p class=\"has-text-align-right\">Krzysztof Buczkowski<\/p>\n","protected":false},"excerpt":{"rendered":"<p>Cyberbezpiecze\u0144stwo w ostatnim czasie odmieniane jest przez wszystkie przypadki i pojawia si\u0119 ju\u017c niemal w ka\u017cdej dziedzinie \u017cycia. Dost\u0119pnych jest sporo specjalistycznych publikacji, du\u017co dzieje si\u0119 tak\u017ce w obszarze kreowania tre\u015bci do szybkiej konsumpcji, czyli w mediach spo\u0142eczno\u015bciowych. Ta wspomniana ogromna masa sugeruje wag\u0119 tematu, o czym wspomnia\u0142 wicepremier i minister cyfryzacji Krzysztof Gawkowski podczas&hellip;<\/p>\n<p class=\"more-link\"><a href=\"https:\/\/buczkowski.ovh\/?p=698\" class=\"themebutton2\">Read More<\/a><\/p>\n","protected":false},"author":2,"featured_media":699,"comment_status":"closed","ping_status":"closed","sticky":false,"template":"","format":"standard","meta":{"footnotes":""},"categories":[4],"tags":[],"class_list":["post-698","post","type-post","status-publish","format-standard","has-post-thumbnail","hentry","category-najnowsze-wpisy"],"_links":{"self":[{"href":"https:\/\/buczkowski.ovh\/index.php?rest_route=\/wp\/v2\/posts\/698","targetHints":{"allow":["GET"]}}],"collection":[{"href":"https:\/\/buczkowski.ovh\/index.php?rest_route=\/wp\/v2\/posts"}],"about":[{"href":"https:\/\/buczkowski.ovh\/index.php?rest_route=\/wp\/v2\/types\/post"}],"author":[{"embeddable":true,"href":"https:\/\/buczkowski.ovh\/index.php?rest_route=\/wp\/v2\/users\/2"}],"replies":[{"embeddable":true,"href":"https:\/\/buczkowski.ovh\/index.php?rest_route=%2Fwp%2Fv2%2Fcomments&post=698"}],"version-history":[{"count":0,"href":"https:\/\/buczkowski.ovh\/index.php?rest_route=\/wp\/v2\/posts\/698\/revisions"}],"wp:featuredmedia":[{"embeddable":true,"href":"https:\/\/buczkowski.ovh\/index.php?rest_route=\/wp\/v2\/media\/699"}],"wp:attachment":[{"href":"https:\/\/buczkowski.ovh\/index.php?rest_route=%2Fwp%2Fv2%2Fmedia&parent=698"}],"wp:term":[{"taxonomy":"category","embeddable":true,"href":"https:\/\/buczkowski.ovh\/index.php?rest_route=%2Fwp%2Fv2%2Fcategories&post=698"},{"taxonomy":"post_tag","embeddable":true,"href":"https:\/\/buczkowski.ovh\/index.php?rest_route=%2Fwp%2Fv2%2Ftags&post=698"}],"curies":[{"name":"wp","href":"https:\/\/api.w.org\/{rel}","templated":true}]}}