{"id":689,"date":"2025-02-17T14:15:32","date_gmt":"2025-02-17T13:15:32","guid":{"rendered":"https:\/\/buczkowski.eu\/?p=689"},"modified":"2025-02-17T14:15:32","modified_gmt":"2025-02-17T13:15:32","slug":"wystapienie-na-konferencji-zarzadzanie-przedsiebiorstwem","status":"publish","type":"post","link":"https:\/\/buczkowski.ovh\/?p=689","title":{"rendered":"Wyst\u0105pienie na konferencji Zarz\u0105dzanie przedsi\u0119biorstwem"},"content":{"rendered":"\n<p>W pierwszym tygodniu lutego 2025 roku mia\u0142em zaszczyt i przyjemno\u015b\u0107 wyst\u0105pi\u0107 w roli prelegenta podczas XI Konferencji Zarz\u0105dzanie Przedsi\u0119biorstwem WOD-KAN. W trakcie panelu tematycznego pn. \u201eA \u2013 jak Akceptacja\u201d przybli\u017cy\u0142em temat &#8222;Natarczywa empatia, czyli jak nie przedobrzy\u0107 z inteligencj\u0105 emocjonaln\u0105 w pracy lidera&#8221;.<br><\/p>\n\n\n\n<p>Wsp\u00f3\u0142czesna organizacja mierzy si\u0119 z problemami charakterystycznymi dla og\u00f3\u0142u spo\u0142ecze\u0144stwa. Dominacja \u015bwiata cyfrowego i wirtualnych form komunikowania wp\u0142ywa bezpo\u015brednio na zwi\u0119kszone zagro\u017cenia negatywnymi zjawiskami dotykaj\u0105cymi ludzkiej psychiki. Presja sukcesu w \u017cyciu, tak zawodowym, jak i prywatnym skutkuje wypaleniem zawodowym i izolacj\u0105 spo\u0142eczn\u0105, co przek\u0142ada si\u0119 na zanik szczerych wi\u0119zi w relacjach mi\u0119dzyludzkich. \u015awiadomy tych tendencji lider winien by\u0107 uwa\u017cny na swoich wsp\u00f3\u0142pracownik\u00f3w i podw\u0142adnych, a pomocne w tym jest samodoskonalenie w obszarze inteligencji emocjonalnej, ze szczeg\u00f3lnym podkre\u015bleniem okazywania adekwatnej do okoliczno\u015bci empatii. W trakcie prezentacji przekonywa\u0142em, dlaczego warto po\u015bwi\u0119ca\u0107 czas innemu cz\u0142owiekowi (tak\u017ce na niwie zawodowej), a tak\u017ce jak czyni\u0107 to z \u201esercem i g\u0142ow\u0105\u201d jednocze\u015bnie.<br><\/p>\n\n\n\n<p>Dzi\u0119kuj\u0119 www.e-bmp.pl za zaproszenie i mo\u017cliwo\u015b\u0107 wzi\u0119cia udzia\u0142u w tym wydarzeniu.<br>Po prelekcji spotka\u0142o mnie niezwykle mi\u0142e wyr\u00f3\u017cnienie. Ot\u00f3\u017c redakcja czasopisma Kierunek WOD-KAN w osobie redaktora naczelnego pana Przemys\u0142awa P\u0142onka i Prezesa BMP Pana Mateusza Grzeszczuka, przyzna\u0142a mi tytu\u0142 Przyjaciela Redakcji. Dzi\u0119kuj\u0105c za ten zaszczytny tytu\u0142, pragn\u0119 r\u00f3wnocze\u015bnie podzi\u0119kowa\u0107 za dotychczasowe lata wsp\u00f3\u0142pracy i wyrazi\u0107 nadziej\u0119, \u017ce kolejne b\u0119d\u0105 r\u00f3wnie owocne. <\/p>\n\n\n\n<p>Wi\u0119cej o tym mi\u0142ym wydarzeniu mo\u017cna przeczyta\u0107 tutaj: <a href=\"https:\/\/www.kierunekwodkan.pl\/konferencja,2306,108954.html\" target=\"_blank\" rel=\"noreferrer noopener\">https:\/\/www.kierunekwodkan.pl\/konferencja,2306,108954.html<\/a><\/p>\n\n\n\n<figure class=\"wp-block-gallery has-nested-images columns-default is-cropped wp-block-gallery-1 is-layout-flex wp-block-gallery-is-layout-flex\">\n<figure class=\"wp-block-image size-large\"><img loading=\"lazy\" decoding=\"async\" width=\"1024\" height=\"683\" data-id=\"691\" src=\"https:\/\/buczkowski.ovh\/wp-content\/uploads\/2025\/02\/KBuczkowski_luty_2025-1024x683.jpg\" alt=\"\" class=\"wp-image-691\" srcset=\"https:\/\/buczkowski.ovh\/wp-content\/uploads\/2025\/02\/KBuczkowski_luty_2025-1024x683.jpg 1024w, https:\/\/buczkowski.ovh\/wp-content\/uploads\/2025\/02\/KBuczkowski_luty_2025-300x200.jpg 300w, https:\/\/buczkowski.ovh\/wp-content\/uploads\/2025\/02\/KBuczkowski_luty_2025-768x512.jpg 768w, https:\/\/buczkowski.ovh\/wp-content\/uploads\/2025\/02\/KBuczkowski_luty_2025.jpg 1170w\" sizes=\"auto, (max-width: 1024px) 100vw, 1024px\" \/><\/figure>\n\n\n\n<figure class=\"wp-block-image size-large\"><img loading=\"lazy\" decoding=\"async\" width=\"1024\" height=\"683\" data-id=\"693\" src=\"https:\/\/buczkowski.ovh\/wp-content\/uploads\/2025\/02\/KBuczkowski_luty_2025_3-1024x683.jpg\" alt=\"\" class=\"wp-image-693\" srcset=\"https:\/\/buczkowski.ovh\/wp-content\/uploads\/2025\/02\/KBuczkowski_luty_2025_3-1024x683.jpg 1024w, https:\/\/buczkowski.ovh\/wp-content\/uploads\/2025\/02\/KBuczkowski_luty_2025_3-300x200.jpg 300w, https:\/\/buczkowski.ovh\/wp-content\/uploads\/2025\/02\/KBuczkowski_luty_2025_3-768x512.jpg 768w, https:\/\/buczkowski.ovh\/wp-content\/uploads\/2025\/02\/KBuczkowski_luty_2025_3.jpg 1170w\" sizes=\"auto, (max-width: 1024px) 100vw, 1024px\" \/><\/figure>\n\n\n\n<figure class=\"wp-block-image size-large\"><img loading=\"lazy\" decoding=\"async\" width=\"1024\" height=\"683\" data-id=\"694\" src=\"https:\/\/buczkowski.ovh\/wp-content\/uploads\/2025\/02\/KBuczkowski_luty_2025_4-1024x683.jpg\" alt=\"\" class=\"wp-image-694\" srcset=\"https:\/\/buczkowski.ovh\/wp-content\/uploads\/2025\/02\/KBuczkowski_luty_2025_4-1024x683.jpg 1024w, https:\/\/buczkowski.ovh\/wp-content\/uploads\/2025\/02\/KBuczkowski_luty_2025_4-300x200.jpg 300w, https:\/\/buczkowski.ovh\/wp-content\/uploads\/2025\/02\/KBuczkowski_luty_2025_4-768x512.jpg 768w, https:\/\/buczkowski.ovh\/wp-content\/uploads\/2025\/02\/KBuczkowski_luty_2025_4.jpg 1170w\" sizes=\"auto, (max-width: 1024px) 100vw, 1024px\" \/><\/figure>\n\n\n\n<figure class=\"wp-block-image size-large\"><img loading=\"lazy\" decoding=\"async\" width=\"1024\" height=\"683\" data-id=\"692\" src=\"https:\/\/buczkowski.ovh\/wp-content\/uploads\/2025\/02\/Kbuczkowski-przyjaciel_redakcji_2025-1024x683.jpg\" alt=\"\" class=\"wp-image-692\" srcset=\"https:\/\/buczkowski.ovh\/wp-content\/uploads\/2025\/02\/Kbuczkowski-przyjaciel_redakcji_2025-1024x683.jpg 1024w, https:\/\/buczkowski.ovh\/wp-content\/uploads\/2025\/02\/Kbuczkowski-przyjaciel_redakcji_2025-300x200.jpg 300w, https:\/\/buczkowski.ovh\/wp-content\/uploads\/2025\/02\/Kbuczkowski-przyjaciel_redakcji_2025-768x512.jpg 768w, https:\/\/buczkowski.ovh\/wp-content\/uploads\/2025\/02\/Kbuczkowski-przyjaciel_redakcji_2025.jpg 1170w\" sizes=\"auto, (max-width: 1024px) 100vw, 1024px\" \/><\/figure>\n<\/figure>\n\n\n\n<p>Zdj\u0119cia pochodz\u0105 z serwisu <a href=\"http:\/\/www.kierunekWODKAN.pl\">www.kierunekWODKAN.pl<\/a><\/p>\n","protected":false},"excerpt":{"rendered":"<p>W pierwszym tygodniu lutego 2025 roku mia\u0142em zaszczyt i przyjemno\u015b\u0107 wyst\u0105pi\u0107 w roli prelegenta podczas XI Konferencji Zarz\u0105dzanie Przedsi\u0119biorstwem WOD-KAN. W trakcie panelu tematycznego pn. \u201eA \u2013 jak Akceptacja\u201d przybli\u017cy\u0142em temat &#8222;Natarczywa empatia, czyli jak nie przedobrzy\u0107 z inteligencj\u0105 emocjonaln\u0105 w pracy lidera&#8221;. Wsp\u00f3\u0142czesna organizacja mierzy si\u0119 z problemami charakterystycznymi dla og\u00f3\u0142u spo\u0142ecze\u0144stwa. Dominacja \u015bwiata&hellip;<\/p>\n<p class=\"more-link\"><a href=\"https:\/\/buczkowski.ovh\/?p=689\" class=\"themebutton2\">Read More<\/a><\/p>\n","protected":false},"author":2,"featured_media":690,"comment_status":"closed","ping_status":"closed","sticky":false,"template":"","format":"standard","meta":{"footnotes":""},"categories":[4],"tags":[],"class_list":["post-689","post","type-post","status-publish","format-standard","has-post-thumbnail","hentry","category-najnowsze-wpisy"],"_links":{"self":[{"href":"https:\/\/buczkowski.ovh\/index.php?rest_route=\/wp\/v2\/posts\/689","targetHints":{"allow":["GET"]}}],"collection":[{"href":"https:\/\/buczkowski.ovh\/index.php?rest_route=\/wp\/v2\/posts"}],"about":[{"href":"https:\/\/buczkowski.ovh\/index.php?rest_route=\/wp\/v2\/types\/post"}],"author":[{"embeddable":true,"href":"https:\/\/buczkowski.ovh\/index.php?rest_route=\/wp\/v2\/users\/2"}],"replies":[{"embeddable":true,"href":"https:\/\/buczkowski.ovh\/index.php?rest_route=%2Fwp%2Fv2%2Fcomments&post=689"}],"version-history":[{"count":0,"href":"https:\/\/buczkowski.ovh\/index.php?rest_route=\/wp\/v2\/posts\/689\/revisions"}],"wp:featuredmedia":[{"embeddable":true,"href":"https:\/\/buczkowski.ovh\/index.php?rest_route=\/wp\/v2\/media\/690"}],"wp:attachment":[{"href":"https:\/\/buczkowski.ovh\/index.php?rest_route=%2Fwp%2Fv2%2Fmedia&parent=689"}],"wp:term":[{"taxonomy":"category","embeddable":true,"href":"https:\/\/buczkowski.ovh\/index.php?rest_route=%2Fwp%2Fv2%2Fcategories&post=689"},{"taxonomy":"post_tag","embeddable":true,"href":"https:\/\/buczkowski.ovh\/index.php?rest_route=%2Fwp%2Fv2%2Ftags&post=689"}],"curies":[{"name":"wp","href":"https:\/\/api.w.org\/{rel}","templated":true}]}}