{"id":667,"date":"2023-11-28T09:27:04","date_gmt":"2023-11-28T08:27:04","guid":{"rendered":"http:\/\/buczkowski.eu\/?p=667"},"modified":"2023-11-28T09:27:04","modified_gmt":"2023-11-28T08:27:04","slug":"rozmowa-o-prawie-prawdziwym-swiecie-cyfrowych-mediow","status":"publish","type":"post","link":"https:\/\/buczkowski.ovh\/?p=667","title":{"rendered":"Rozmowa o \u201ePrawie prawdziwym\u201d \u015bwiecie cyfrowych medi\u00f3w"},"content":{"rendered":"\n<p>2 listopada w Radio P\u0142ock FM opowiada\u0142em o mojej nowej ksi\u0105\u017cce \u201ePrawie prawdziwe. Weryfikacja informacji w czasach fake-news\u00f3w\u201d.<br><br>Ksi\u0105\u017cka zosta\u0142a napisana w formie przyst\u0119pnego poradnika i ma na celu pokazanie zagro\u017ce\u0144 p\u0142yn\u0105cych z obecno\u015bci fake-news\u00f3w w przestrzeni medialnej. Podkre\u015blam w niej wag\u0119 dzia\u0142a\u0144 edukacyjnych podnosz\u0105cych kompetencje obywateli (bez wzgl\u0119du na wiek) w zakresie krytycznego korzystania z medi\u00f3w tradycyjnych oraz cyfrowych (telewizja, radio, prasa oraz serwisy internetowe i platformy spo\u0142eczno\u015bciowe). Podpowiadam tak\u017ce jak identyfikowa\u0107 potencjalne dzia\u0142ania dezinformacyjne, dedykowane szczeg\u00f3lnie m\u0142odym ludziom oraz seniorom, poniewa\u017c s\u0105 to grupy spo\u0142eczne szczeg\u00f3lnie nara\u017cone na dzia\u0142anie nieprawdziwych informacji.<br><br>Zapraszam do wys\u0142uchania rozmowy. Link do rozmowy lub <a href=\"https:\/\/fb.watch\/oBl8HT8voJ\/\">Tutaj<\/a><\/p>\n\n\n\n<p>Ksi\u0105\u017cka dost\u0119pna <a href=\"https:\/\/www.empik.com\/prawie-prawdziwe-weryfikacja-informacji-w-czasach-fake-newsow-poradnik-buczkowski-krzysztof,p1408892787,ksiazka-p\">TUTAJ<\/a> <\/p>\n","protected":false},"excerpt":{"rendered":"<p>2 listopada w Radio P\u0142ock FM opowiada\u0142em o mojej nowej ksi\u0105\u017cce \u201ePrawie prawdziwe. Weryfikacja informacji w czasach fake-news\u00f3w\u201d. Ksi\u0105\u017cka zosta\u0142a napisana w formie przyst\u0119pnego poradnika i ma na celu pokazanie zagro\u017ce\u0144 p\u0142yn\u0105cych z obecno\u015bci fake-news\u00f3w w przestrzeni medialnej. Podkre\u015blam w niej wag\u0119 dzia\u0142a\u0144 edukacyjnych podnosz\u0105cych kompetencje obywateli (bez wzgl\u0119du na wiek) w zakresie krytycznego korzystania&hellip;<\/p>\n<p class=\"more-link\"><a href=\"https:\/\/buczkowski.ovh\/?p=667\" class=\"themebutton2\">Read More<\/a><\/p>\n","protected":false},"author":2,"featured_media":668,"comment_status":"closed","ping_status":"closed","sticky":false,"template":"","format":"standard","meta":{"footnotes":""},"categories":[4],"tags":[11,17,30,44,47],"class_list":["post-667","post","type-post","status-publish","format-standard","has-post-thumbnail","hentry","category-najnowsze-wpisy","tag-buczkowski-eu","tag-dezinformacja","tag-fakenews","tag-krytyczny-w-sieci","tag-krzysztof-buczkowski"],"_links":{"self":[{"href":"https:\/\/buczkowski.ovh\/index.php?rest_route=\/wp\/v2\/posts\/667","targetHints":{"allow":["GET"]}}],"collection":[{"href":"https:\/\/buczkowski.ovh\/index.php?rest_route=\/wp\/v2\/posts"}],"about":[{"href":"https:\/\/buczkowski.ovh\/index.php?rest_route=\/wp\/v2\/types\/post"}],"author":[{"embeddable":true,"href":"https:\/\/buczkowski.ovh\/index.php?rest_route=\/wp\/v2\/users\/2"}],"replies":[{"embeddable":true,"href":"https:\/\/buczkowski.ovh\/index.php?rest_route=%2Fwp%2Fv2%2Fcomments&post=667"}],"version-history":[{"count":0,"href":"https:\/\/buczkowski.ovh\/index.php?rest_route=\/wp\/v2\/posts\/667\/revisions"}],"wp:featuredmedia":[{"embeddable":true,"href":"https:\/\/buczkowski.ovh\/index.php?rest_route=\/wp\/v2\/media\/668"}],"wp:attachment":[{"href":"https:\/\/buczkowski.ovh\/index.php?rest_route=%2Fwp%2Fv2%2Fmedia&parent=667"}],"wp:term":[{"taxonomy":"category","embeddable":true,"href":"https:\/\/buczkowski.ovh\/index.php?rest_route=%2Fwp%2Fv2%2Fcategories&post=667"},{"taxonomy":"post_tag","embeddable":true,"href":"https:\/\/buczkowski.ovh\/index.php?rest_route=%2Fwp%2Fv2%2Ftags&post=667"}],"curies":[{"name":"wp","href":"https:\/\/api.w.org\/{rel}","templated":true}]}}