{"id":642,"date":"2023-11-28T09:23:37","date_gmt":"2023-11-28T08:23:37","guid":{"rendered":"http:\/\/buczkowski.eu\/?p=642"},"modified":"2023-11-28T09:23:37","modified_gmt":"2023-11-28T08:23:37","slug":"przeklete-akceptowane-media-spolecznosciowe","status":"publish","type":"post","link":"https:\/\/buczkowski.ovh\/?p=642","title":{"rendered":"Przekl\u0119te &#8222;akceptowane&#8221; media spo\u0142eczno\u015bciowe"},"content":{"rendered":"\n<p>\u015awiat cyfrowy miesza si\u0119 z tym realnym. Ju\u017c nie tylko m\u0142odzi ludzie nie zauwa\u017caj\u0105 kiedy min\u0119\u0142y im dwie godziny na komunikatorach czy cztery na TikToku. Wirtualna rzeczywisto\u015b\u0107 konkuruje w r\u00f3wnej mierze o nasz czas jak i nasze pieni\u0105dze. Tym samym, obecnie coraz rzadziej rozprawiamy nad sensem sp\u0119dzania czasu online (upominaj\u0105cy rodzice s\u0105 punktowani przez dzieci: \u201ePrzecie\u017c Ty robisz dok\u0142adnie to samo co ja, czyli godzinami jeste\u015b na FB, Insta lub grasz w gry &#8211; online), ale w duchu odpowiedzialno\u015bci zaczynamy dyskutowa\u0107 o bezpiecze\u0144stwie, szkodliwym wp\u0142ywie dezinformacji i naszych \u015bladach pozostawianych w sieci. Zaakceptowali\u015bmy fakt obecno\u015bci sieci Internet w naszym \u017cyciu i teoretycznie wszyscy zdajemy sobie spraw\u0119 z powagi tematu. Rodzi si\u0119 naturalne pytanie: co teraz? Czy wystarczy edukacja i podnoszenie \u015bwiadomo\u015bci w korzystaniu z dost\u0119pnych platform, czy mo\u017ce potrzebne s\u0105 bardziej zdecydowane dzia\u0142ania, w tym np. ograniczenia ustawowe podobne do tych chi\u0144skich, gdzie m\u0142odzi ludzie maj\u0105 limity tygodniowe na gry on-line (<a href=\"https:\/\/www.cnn.com\/2021\/08\/31\/tech\/china-ban-video-games-minor-intl-hnk\/index.html\">link<\/a>)?<br><\/p>\n\n\n\n<h2 class=\"wp-block-heading\">Wszyscy w sieci<\/h2>\n\n\n\n<p>Wg szacunk\u00f3w ONZ, pod koniec 2022 roku liczba ludno\u015bci na \u015bwiecie przekroczy\u0142a 8 miliard\u00f3w, z kolei badania z roku 2021 m\u00f3wi\u0105, \u017ce liczba u\u017cytkownik\u00f3w medi\u00f3w spo\u0142eczno\u015bciowych na \u015bwiecie przekroczy\u0142a 4 miliardy i oczywi\u015bcie systematycznie ro\u015bnie. W grudniu 2022 roku opublikowano Raport G\u0142\u00f3wnego Urz\u0119du Statystycznego pt. Spo\u0142ecze\u0144stwo informacyjne w Polsce w 2022 r.(<a href=\"https:\/\/stat.gov.pl\/download\/gfx\/portalinformacyjny\/pl\/defaultaktualnosci\/5497\/1\/16\/1\/si_2022_003.pdf\">link<\/a>), z kt\u00f3rego wynika, \u017ce ju\u017c blisko 92,6% gospodarstw domowych w Polsce mia\u0142o w domu dost\u0119p do Internetu szerokopasmowego. Ponadto w roku 2022 r., przeci\u0119tnie a\u017c 85,7% os\u00f3b w wieku 16\u201374 lata regularnie korzysta\u0142o z Internetu, przy czym oczywistym jest, \u017ce obserwuje si\u0119 zr\u00f3\u017cnicowanie wska\u017anika w zale\u017cno\u015bci od wieku, aktywno\u015bci zawodowej, poziomu wykszta\u0142cenia i miejsca zamieszkania. Naturalnie, najwi\u0119kszy odsetek regularnych u\u017cytkownik\u00f3w odnotowano w\u015br\u00f3d os\u00f3b w wieku 16\u201324 lata (99,0%), uczni\u00f3w i student\u00f3w (99,3%), os\u00f3b z wy\u017cszym wykszta\u0142ceniem (98,2%), a tak\u017ce mieszka\u0144c\u00f3w du\u017cych miast (89,8%).<br><\/p>\n\n\n\n<h2 class=\"wp-block-heading\">Cyfrowy n\u00f3\u017c<\/h2>\n\n\n\n<p>Powy\u017csze dane oznaczaj\u0105, \u017ce przys\u0142owiowy \u201ecyfrowy n\u00f3\u017c\u201d, czyli potencjalne narz\u0119dzie do pope\u0142nienia wirtualnego przest\u0119pstwa posiada ju\u017c niemal ka\u017cdy, a tzw. \u201ecyfrowa szkoda\u201d mo\u017ce mie\u0107 wiele wymiar\u00f3w, od towarzyskiego, wizerunkowego, a\u017c po materialny (oszustwa i wy\u0142udzenia internetowe \u2013 banki, serwisy aukcyjne i og\u0142oszeniowe itd.).<br><\/p>\n\n\n\n<h2 class=\"wp-block-heading\">Powody korzystania z medi\u00f3w spo\u0142eczno\u015bciowych <\/h2>\n\n\n\n<p>Wg wspomnianego badania, korzystanie z serwis\u00f3w spo\u0142eczno\u015bciowych deklaruje 60,6%, a z komunikator\u00f3w internetowych 64,7% ankietowanych. Z kolei raport Digital 2022 Polska (<a href=\"https:\/\/datareportal.com\/reports\/digital-2022-poland\">link<\/a>) prezentuje jeszcze bardziej odwa\u017cne szacunki, twierdz\u0105c na podstawie swych bada\u0144, \u017ce u\u017cytkownicy medi\u00f3w spo\u0142eczno\u015bciowych w Polsce stanowi\u0105 ju\u017c 72% populacji, a \u015bredni czas, w przeliczeniu na jednego u\u017cytkownika, sp\u0119dzony w ci\u0105gu dnia na korzystaniu z medi\u00f3w spo\u0142eczno\u015bciowych wyni\u00f3s\u0142 prawie 1,5 godziny. W\u015br\u00f3d trzech najpopularniejszych powod\u00f3w korzystania ze wspominanych medi\u00f3w znajdziemy (Metodologia przywo\u0142anego Raportu w du\u017cej mierze opiera si\u0119 na danych dotycz\u0105cych zasi\u0119gu reklam publikowanych przez platformy medi\u00f3w spo\u0142eczno\u015bciowych.):<\/p>\n\n\n\n<p><br>\u2022 pozostawanie w kontakcie z rodzin\u0105 i przyjaci\u00f3\u0142mi \u2013 53,4% u\u017cytkownik\u00f3w,<br>\u2022 przegl\u0105danie medi\u00f3w spo\u0142eczno\u015bciowych w celu poznawania najnowszych wiadomo\u015bci \u2013 51,2% u\u017cytkownik\u00f3w,<br>\u2022 sp\u0119dzanie wolnego czasu \u2013 45,8% u\u017cytkownik\u00f3w.<br><\/p>\n\n\n\n<p>Przygl\u0105daj\u0105c si\u0119 ulubionym mediom spo\u0142eczno\u015bciowym wybieranym przez Polak\u00f3w, na pierwszym miejscu nadal znajduje si\u0119 Facebook (36,9% u\u017cytkownik\u00f3w), kolejne miejsca to Instagram i zyskuj\u0105cy na popularno\u015bci TikTok z kilkunastoprocentowym udzia\u0142em. Z kolei w\u015br\u00f3d komunikator\u00f3w dominuj\u0105 Messenger, a tu\u017c za nim WhatsApp.<br><\/p>\n\n\n\n<h2 class=\"wp-block-heading\">Zawodowo wirtualni <\/h2>\n\n\n\n<p>Ka\u017cdy z wymienionych aplikacji wype\u0142nia inn\u0105 potrzeb\u0119, ale ka\u017cda wi\u0105\u017ce si\u0119 z dystrybucj\u0105 informacji poprzez jej kreowanie i wymian\u0119. Pomimo, \u017ce nie ma zbyt wielu bada\u0144 w tym obszarze, nale\u017cy uzna\u0107 za oczywiste, \u017ce poza sprawami osobistymi zwi\u0105zanymi z \u017cyciem prywatnym, s\u0105 one r\u00f3wnie\u017c wykorzystywane do przekazywania informacji zwi\u0105zanych z \u017cyciem zawodowym. Z jednej strony s\u0105 to np. komentarze zamieszczane na oficjalnych kontach firmy pod konkretnymi postami, a z innej zamkni\u0119te grupy na komunikatorach tworzone przez sympatyzuj\u0105cych ze sob\u0105 pracownik\u00f3w i s\u0142u\u017c\u0105ce omawianiu bie\u017c\u0105cych spraw, np. logistyki przed i po imprez\u0105 integracyjn\u0105, a\u017c po wysoko\u015b\u0107 planowanych podwy\u017cek czy zasadno\u015bci zwolnienia Pana Kowalskiego czy Pani Iksi\u0144skiej. Cyfrowa rewolucja sprawi\u0142a, \u017ce ka\u017cdy ju\u017c nie tylko chce, ale mo\u017ce, by\u0107 stosunkowo \u0142atwo dobrze poinformowany.<br><\/p>\n\n\n\n<h2 class=\"wp-block-heading\">Uwolnij si\u0119&#8230; tylko jak?<\/h2>\n\n\n\n<p>Coraz trudniej oprze\u0107 si\u0119 wra\u017ceniu, \u017ce \u015bwiadomie skazujemy si\u0119 na \u017cycie w cyfrowych ba\u0144kach, kt\u00f3re okre\u015blaj\u0105, lub wr\u0119cz programuj\u0105 nasze \u017cycie, nasze decyzje i wybory \u2013 osobiste, towarzyskie, finansowe, polityczne a tak\u017ce zdrowotne. Specjali\u015bci zajmuj\u0105cy si\u0119 kondycj\u0105 psychiczn\u0105 i kompetencjami spo\u0142ecznymi alarmuj\u0105 \u2013 idziemy w z\u0142\u0105 stron\u0119. \u2026chocia\u017c mo\u017ce potrzeba zaowocuje kolejn\u0105 &#8222;innowacyjn\u0105 us\u0142ug\u0105&#8221; i ju\u017c za chwil\u0119 z uzale\u017cnienia od medi\u00f3w spo\u0142eczno\u015bciowych b\u0119dziemy pr\u00f3bowali leczy\u0107 si\u0119 na wirtualnej kozetce u sztucznej inteligencji w jednym z cyfrowych \u015bwiat\u00f3w &#8211; meta-uniwersum? Tylko czy to b\u0119dziemy na pewno my? \u015bwiadomi miejsca, czasu i problemu?<\/p>\n\n\n\n<p>Krzysztof Buczkowski<\/p>\n","protected":false},"excerpt":{"rendered":"<p>\u015awiat cyfrowy miesza si\u0119 z tym realnym. Ju\u017c nie tylko m\u0142odzi ludzie nie zauwa\u017caj\u0105 kiedy min\u0119\u0142y im dwie godziny na komunikatorach czy cztery na TikToku. Wirtualna rzeczywisto\u015b\u0107 konkuruje w r\u00f3wnej mierze o nasz czas jak i nasze pieni\u0105dze. Tym samym, obecnie coraz rzadziej rozprawiamy nad sensem sp\u0119dzania czasu online (upominaj\u0105cy rodzice s\u0105 punktowani przez dzieci:&hellip;<\/p>\n<p class=\"more-link\"><a href=\"https:\/\/buczkowski.ovh\/?p=642\" class=\"themebutton2\">Read More<\/a><\/p>\n","protected":false},"author":2,"featured_media":666,"comment_status":"closed","ping_status":"closed","sticky":false,"template":"","format":"standard","meta":{"footnotes":""},"categories":[4],"tags":[11,17,30,44,47,58,79,93],"class_list":["post-642","post","type-post","status-publish","format-standard","has-post-thumbnail","hentry","category-najnowsze-wpisy","tag-buczkowski-eu","tag-dezinformacja","tag-fakenews","tag-krytyczny-w-sieci","tag-krzysztof-buczkowski","tag-media-spolecznosciowe-2","tag-prawie-prawdziwe","tag-social-media"],"_links":{"self":[{"href":"https:\/\/buczkowski.ovh\/index.php?rest_route=\/wp\/v2\/posts\/642","targetHints":{"allow":["GET"]}}],"collection":[{"href":"https:\/\/buczkowski.ovh\/index.php?rest_route=\/wp\/v2\/posts"}],"about":[{"href":"https:\/\/buczkowski.ovh\/index.php?rest_route=\/wp\/v2\/types\/post"}],"author":[{"embeddable":true,"href":"https:\/\/buczkowski.ovh\/index.php?rest_route=\/wp\/v2\/users\/2"}],"replies":[{"embeddable":true,"href":"https:\/\/buczkowski.ovh\/index.php?rest_route=%2Fwp%2Fv2%2Fcomments&post=642"}],"version-history":[{"count":0,"href":"https:\/\/buczkowski.ovh\/index.php?rest_route=\/wp\/v2\/posts\/642\/revisions"}],"wp:featuredmedia":[{"embeddable":true,"href":"https:\/\/buczkowski.ovh\/index.php?rest_route=\/wp\/v2\/media\/666"}],"wp:attachment":[{"href":"https:\/\/buczkowski.ovh\/index.php?rest_route=%2Fwp%2Fv2%2Fmedia&parent=642"}],"wp:term":[{"taxonomy":"category","embeddable":true,"href":"https:\/\/buczkowski.ovh\/index.php?rest_route=%2Fwp%2Fv2%2Fcategories&post=642"},{"taxonomy":"post_tag","embeddable":true,"href":"https:\/\/buczkowski.ovh\/index.php?rest_route=%2Fwp%2Fv2%2Ftags&post=642"}],"curies":[{"name":"wp","href":"https:\/\/api.w.org\/{rel}","templated":true}]}}