{"id":624,"date":"2022-09-15T10:37:07","date_gmt":"2022-09-15T08:37:07","guid":{"rendered":"http:\/\/buczkowski.eu\/?p=624"},"modified":"2022-09-15T10:37:07","modified_gmt":"2022-09-15T08:37:07","slug":"dystans-iga-rodacy-sukces","status":"publish","type":"post","link":"https:\/\/buczkowski.ovh\/?p=624","title":{"rendered":"Sztuka dystansu \u2026 do siebie i \u015bwiata"},"content":{"rendered":"\n<p>\u015awiat wok\u00f3\u0142 nie rozpieszcza. Wojna w Ukrainie nabiera tempa, wojna surowcowa r\u00f3wnie\u017c, tylko pandemia jakby lekko przysn\u0119\u0142a, ale wszystkich dobija karuzela cenowa i post\u0119puj\u0105ca inflacja. Dlatego, \u017ceby nie by\u0142o za mocno pesymistycznie b\u0119dzie znowu o sporcie przez du\u017ce S. Dwa ostatnio najbardziej rozpoznawalne w \u015bwiecie polskie nazwiska to \u015awi\u0105tek i Lewandowski. Chwilowo Pana Roberta zostawimy w spokoju, poniewa\u017c nie strzeli\u0142 \u017cadnej bramki w meczu ze swoim poprzednim klubem w rozgrywkach Ligi Mistrz\u00f3w w Monachium, a skupimy si\u0119 na Pani Idze.<\/p>\n\n\n\n<h2 class=\"wp-block-heading\">Tenis ponad podzia\u0142ami<\/h2>\n\n\n\n<p>Aktualnie Pierwsza Dama polskiego i \u015bwiatowego tenisa (por\u00f3wnanie uzasadnione wszak jest nr 1 rankingu WTA) uczy wszystkich luzu i pokory, poniewa\u017c ca\u0142a tzw. \u201eelita celebrycka\u201d \u2013 polityczna, dziennikarska, artystyczna itd. \u2013 spina si\u0119 tak mocno, \u017ce zaczyna to grozi\u0107 fizycznym uszkodzeniem jakiego\u015b narz\u0105du, np. wzroku. Iga niemal przy ka\u017cdej okazji podkre\u015bla, \u017ce \u201estara si\u0119 trzyma\u0107 na wodzy swoje oczekiwania\u201d oraz, \u017ce trenuje by gra\u0107 i wygrywa\u0107. Ponadto oczywi\u015bcie cieszy j\u0105 ka\u017cdy sukces, a z pora\u017cek stara si\u0119 wyci\u0105ga\u0107 wnioski. Zawsze naturalnie i z wdzi\u0119kiem. Nie ma mowy o przero\u015bcie formy nad tre\u015bci\u0105. W podobnym tonie wypowiada si\u0119 jej ojciec czyli Tomasz \u015awi\u0105tek, kt\u00f3ry np. naciskany przez red. Lubeck\u0105 w radio Zet, czy pojawi\u0142y si\u0119 z \u0142zy wzruszenia po wygranej w US Open 2022, z rozbrajaj\u0105c\u0105 szczero\u015bci\u0105 powiedzia\u0142, \u017ce ju\u017c przyzwyczai\u0142 si\u0119 do zwyci\u0119stw c\u00f3rki, czym zawi\u00f3d\u0142 rozp\u0119dzaj\u0105c\u0105 si\u0119 w szukaniu skrajnych emocji pani\u0105 redaktor (nagranie z rozmowy <a href=\"https:\/\/www.youtube.com\/watch?v=0Z-ip8-cPAg\">tutaj<\/a>:).<br><\/p>\n\n\n\n<h2 class=\"wp-block-heading\">Cudowna, najwspanialsza, galaktyczna&#8230;<\/h2>\n\n\n\n<p>Niestety zauwa\u017calne staj\u0105 si\u0119 naciski otoczenia medialnego by wspomnian\u0105 skromno\u015b\u0107 zaburzy\u0107 i wprowadzi\u0107 elementy (samo)uwielbienia przekraczaj\u0105cego granice dumy narodowej. Premier pisa\u0142 ju\u017c o Idze, \u017ce jest \u201eodwa\u017cn\u0105 kobiet\u0105\u201d (czy mia\u0142 na my\u015bli sam fakt wyj\u015bcia na kort czy ch\u0119\u0107 pomocy Ukrainie? Pierwsze realizuje ka\u017cdy zawodowy sportowiec wychodz\u0105c na aren\u0119 swych zmaga\u0144, a w drugie zaanga\u017cowa\u0142o si\u0119 tysi\u0105ce Polek i Polak\u00f3w \u2013 co oczywi\u015bcie czyni nas lud\u017ami dobrego serca, serdecznymi, ale raczej nie odwa\u017cnymi? Zestawmy to s\u0142owo z odwag\u0105 Powsta\u0144c\u00f3w Warszawskich czy Stra\u017cak\u00f3w ratuj\u0105cych \u017cycie, a odpowied\u017a nasunie si\u0119 sama\u2026), a co drugi polski polityk przy okazji wygranego meczu  Igi robi zdj\u0119cia swojemu telewizorowi i wrzuca na swoje media spo\u0142eczno\u015bciowe obrazki z transmisji chwal\u0105c si\u0119, \u017ce te\u017c ogl\u0105da\u0142, kibicowa\u0142 i bardzo si\u0119 cieszy z sukcesu rodaczki. Szkoda, \u017ce awans polskich koszykarzy do p\u00f3\u0142fina\u0142u EuroBasketu i niespodziewana wygrana z faworyzowan\u0105 S\u0142oweni\u0105 (z gwiazd\u0105 NBA Luk\u0105 Donciciem na czele), nie wywo\u0142a\u0142a podobnych reakcji, co z pewno\u015bci\u0105 pomog\u0142oby w odbudowywaniu popularno\u015bci tej jak\u017ce widowiskowej dyscypliny. <\/p>\n\n\n\n<h2 class=\"wp-block-heading\">Umiar i dystans mile widziany w \u015bwiecie przesady<\/h2>\n\n\n\n<p>Oczywi\u015bcie w znakomitej wi\u0119kszo\u015bci s\u0105 to mi\u0142e s\u0142owa, jednak coraz cz\u0119\u015bciej zaczynaj\u0105 zahacza\u0107 o patos i tym samym zakrzywiaj\u0105 prawdziwy wymiar rywalizacji sportowej, kt\u00f3ra w swej istocie powinna by\u0107 czysta i pozbawiona element\u00f3w pozasportowej dominacji, od kt\u00f3rej ju\u017c krok do przesadnej afirmacji i kultu, czy te\u017c pr\u00f3b przenoszenia cech i sukces\u00f3w jednostki na ca\u0142y nar\u00f3d. Na szcz\u0119\u015bcie sama Iga przypomina o tym na ka\u017cdym kroku, dzi\u0119kuj\u0105c za gr\u0119 swoim rywalkom i podkre\u015blaj\u0105c ich osi\u0105gni\u0119cia sportowe. Trzymam kciuki by taka naturalna i radosna pozosta\u0142a na zawsze, pomimo okrutnej machiny biznesowo-medialnej, kt\u00f3ra jest wok\u00f3\u0142 niej.<br><\/p>\n\n\n\n<p>Na zako\u0144czenie jej s\u0142owa, kt\u00f3re zamie\u015bci\u0142a na jednym z serwis\u00f3w spo\u0142eczno\u015bciowych po wygranej w Nowym Jorku (oficjalne konto Igi \u015awi\u0105tek na Instagramie): \u201eW tej chwili a\u017c ci\u0119\u017cko mi opisa\u0107, jak wymagaj\u0105cy to by\u0142 czas. Czas, kt\u00f3ry ko\u0144czy si\u0119 wspaniale, najlepiej jak to mo\u017cliwe. Jestem dumna z determinacji i pracy, jak\u0105 m\u00f3j zesp\u00f3\u0142 i ja wykonali\u015bmy w tych kilka tygodni. I po prostu szcz\u0119\u015bliwa. Teraz czas na odpoczynek i troch\u0119 luzu. Pouk\u0142adam sobie to w g\u0142owie i wr\u00f3c\u0119 z przemy\u015bleniami zapewne. A tymczasem, Ons &#8211; dzi\u0119kuj\u0119 za walk\u0119 i ten fina\u0142. A Nowy Jork ju\u017c na zawsze b\u0119dzie w moim sercu.\u201d<br><\/p>\n\n\n\n<p>Ze sportowym pozdrowieniem<\/p>\n\n\n\n<p>Krzysztof Buczkowski <\/p>\n","protected":false},"excerpt":{"rendered":"<p>\u015awiat wok\u00f3\u0142 nie rozpieszcza. Wojna w Ukrainie nabiera tempa, wojna surowcowa r\u00f3wnie\u017c, tylko pandemia jakby lekko przysn\u0119\u0142a, ale wszystkich dobija karuzela cenowa i post\u0119puj\u0105ca inflacja. Dlatego, \u017ceby nie by\u0142o za mocno pesymistycznie b\u0119dzie znowu o sporcie przez du\u017ce S. Dwa ostatnio najbardziej rozpoznawalne w \u015bwiecie polskie nazwiska to \u015awi\u0105tek i Lewandowski. Chwilowo Pana Roberta zostawimy&hellip;<\/p>\n<p class=\"more-link\"><a href=\"https:\/\/buczkowski.ovh\/?p=624\" class=\"themebutton2\">Read More<\/a><\/p>\n","protected":false},"author":2,"featured_media":625,"comment_status":"closed","ping_status":"closed","sticky":false,"template":"","format":"standard","meta":{"footnotes":""},"categories":[2,4],"tags":[12,21,36,47,69,97,104],"class_list":["post-624","post","type-post","status-publish","format-standard","has-post-thumbnail","hentry","category-blog-2","category-najnowsze-wpisy","tag-celebryci","tag-dystans","tag-iga-swiatek","tag-krzysztof-buczkowski","tag-patos","tag-sukces","tag-umiar"],"_links":{"self":[{"href":"https:\/\/buczkowski.ovh\/index.php?rest_route=\/wp\/v2\/posts\/624","targetHints":{"allow":["GET"]}}],"collection":[{"href":"https:\/\/buczkowski.ovh\/index.php?rest_route=\/wp\/v2\/posts"}],"about":[{"href":"https:\/\/buczkowski.ovh\/index.php?rest_route=\/wp\/v2\/types\/post"}],"author":[{"embeddable":true,"href":"https:\/\/buczkowski.ovh\/index.php?rest_route=\/wp\/v2\/users\/2"}],"replies":[{"embeddable":true,"href":"https:\/\/buczkowski.ovh\/index.php?rest_route=%2Fwp%2Fv2%2Fcomments&post=624"}],"version-history":[{"count":0,"href":"https:\/\/buczkowski.ovh\/index.php?rest_route=\/wp\/v2\/posts\/624\/revisions"}],"wp:featuredmedia":[{"embeddable":true,"href":"https:\/\/buczkowski.ovh\/index.php?rest_route=\/wp\/v2\/media\/625"}],"wp:attachment":[{"href":"https:\/\/buczkowski.ovh\/index.php?rest_route=%2Fwp%2Fv2%2Fmedia&parent=624"}],"wp:term":[{"taxonomy":"category","embeddable":true,"href":"https:\/\/buczkowski.ovh\/index.php?rest_route=%2Fwp%2Fv2%2Fcategories&post=624"},{"taxonomy":"post_tag","embeddable":true,"href":"https:\/\/buczkowski.ovh\/index.php?rest_route=%2Fwp%2Fv2%2Ftags&post=624"}],"curies":[{"name":"wp","href":"https:\/\/api.w.org\/{rel}","templated":true}]}}