{"id":614,"date":"2022-07-18T13:29:21","date_gmt":"2022-07-18T11:29:21","guid":{"rendered":"http:\/\/buczkowski.eu\/?p=614"},"modified":"2022-07-18T13:29:21","modified_gmt":"2022-07-18T11:29:21","slug":"kibice-w-pilce-noznej","status":"publish","type":"post","link":"https:\/\/buczkowski.ovh\/?p=614","title":{"rendered":"Okazjonalny kibic winny zapa\u015bci polskiej klubowej pi\u0142ki no\u017cnej?"},"content":{"rendered":"\n<h2 class=\"wp-block-heading\">Ekstraklasa przeci\u0119tno\u015bci<\/h2>\n\n\n\n<p>Start nowego sezonu pi\u0142karskiej ekstraklasy jak zawsze jest okazj\u0105 do rozwa\u017ca\u0144 nad stanem polskiej pi\u0142ki no\u017cnej. Dlaczego jest tak \u017ale, \u017ce aktualny Mistrz Polski, czyli Lech Pozna\u0144 przyst\u0105pi do rozgrywek rozpami\u0119tuj\u0105c gorzk\u0105 pora\u017ck\u0119 z Karabachem Agdam w eliminacjach Ligi Mistrz\u00f3w. Na domiar z\u0142ego ten\u017ce Lech przegra\u0142 na inauguracj\u0119 z PGE FKS Stal\u0105 Mielec 0:2. Polska dru\u017cyna ostatni raz w fazie grupowej Ligi Mistrz\u00f3w gra\u0142a w 2016 roku. By\u0142a to Legia Warszawa, kt\u00f3ra poza wygran\u0105 ze Sportingiem i 4 pora\u017ckami, odnotowa\u0142a i\u015bcie \u201ezwyci\u0119ski remis\u201d z Realem Madryt w Warszawie \u2013 pami\u0119tne 3:3. Od tego momentu jako\u015b ci\u0119\u017cko jest nam si\u0119 przebi\u0107. Wielu dzia\u0142aczy, dziennikarzy oraz zwyk\u0142ych kibic\u00f3w zadaje sobie pytanie: kto jest winien? Niestety winni s\u0105 wszyscy: winni s\u0105 dzia\u0142acze np. za pora\u017cki w walce z u\u0142omnym systemem rozwoju talent\u00f3w, ale winni s\u0105 te\u017c kibice, czyli my wszyscy!<br>Z pewno\u015bci\u0105 cz\u0119\u015b\u0107 czytelnik\u00f3w obrusza si\u0119 w tej chwili i protestuje. Zw\u0142aszcza Ci, kt\u00f3rzy systematycznie chodz\u0105 na stadion wspieraj\u0105c swoj\u0105 lokaln\u0105 dru\u017cyn\u0119. Faktycznie ta grupa jest usprawiedliwiona. Precyzuj\u0119, winni s\u0105 wszyscy okazjonalni kibice, kt\u00f3rzy tworz\u0105 z\u0142udne wra\u017cenie, \u017ce pi\u0142ka no\u017cna jest naszym narodowym sportem.<br><\/p>\n\n\n\n<h2 class=\"wp-block-heading\">Oczywi\u015bcie, \u017ce pieni\u0105dze daj\u0105 pi\u0142karskie szcz\u0119\u015bcie<\/h2>\n\n\n\n<p>Si\u0142a zachodnich dru\u017cyn tkwi oczywi\u015bcie w pieni\u0105dzu. Bogate kluby sta\u0107 na gwiazdy. Maj\u0105 odpowiedni\u0105 infrastruktur\u0119 i machin\u0119 marketingow\u0105. Powszechn\u0105 wiedz\u0105 jest, \u017ce zdecydowana wi\u0119kszo\u015b\u0107 europejskich klub\u00f3w \u017cyje g\u0142\u00f3wnie ze sprzeda\u017cy praw telewizyjnych i internetowych. Ostatnimi czasy media obieg\u0142y spekulacje, \u017ce by wzi\u0105\u0107 udzia\u0142 w wy\u015bcigu o prawa pokazywania Ekstraklasy przez cztery kolejne sezony (od 2023\/24 do 2026\/27) nale\u017cy przygotowa\u0107 co najmniej 300 mln za pakiet na sezon. Dla por\u00f3wnania hiszpa\u0144ska LaLiga pod koniec ubieg\u0142ego roku rozstrzygn\u0119\u0142a przetarg na 5 sezon\u00f3w kwot\u0105 4,95 mld EURO. Czyni to prawie miliard euro za sezon, czyli kwot\u0119 15 razy wi\u0119ksz\u0105 ni\u017c w Polsce. Dzi\u0119ki temu ilo\u015b\u0107 pieni\u0119dzy, kt\u00f3re kluby hiszpa\u0144skie otrzymaj\u0105 od nadawc\u00f3w, kt\u00f3rzy transmituj\u0105 mecze b\u0119d\u0105 wielokrotnie, a nawet kilkunastokrotnie wy\u017csze. Dzi\u0119ki wi\u0119kszym pieni\u0105dzom b\u0119d\u0105 mogli kupi\u0107 najlepszych pi\u0142karzy i walczy\u0107 w europejskich pucharach. Dzi\u0119ki wynikom przyci\u0105gn\u0105 sponsor\u00f3w i utrzymaj\u0105 kibic\u00f3w, a ci nap\u0119dz\u0105 ogl\u0105dalno\u015b\u0107 nadawcom, kt\u00f3rym zwr\u00f3ci si\u0119 inwestycja w pi\u0142k\u0119 no\u017cn\u0105. Ko\u0142o si\u0119 zamyka.<br><\/p>\n\n\n\n<h2 class=\"wp-block-heading\">Kibic, s\u0142owo klucz<\/h2>\n\n\n\n<p>W zwi\u0105zku z powy\u017cszym wida\u0107 wyra\u017anie, \u017ce naszym nowym \u201enarodowym sportem\u201d winno sta\u0107 si\u0119 ogl\u0105danie pi\u0142ki no\u017cnej w telewizji, za co oczywi\u015bcie powinni\u015bmy zap\u0142aci\u0107, wykupuj\u0105c stosowny pakiet. Bez tej rewolucji nie ma co marzy\u0107 o systemowym i systematycznym rozwoju polskiej klubowej pi\u0142ki no\u017cnej. Jako przyk\u0142ad udanego sportowego biznesu niech pos\u0142u\u017c\u0105 szeroko rozumiane mieszane sztuki walki (MMA), pocz\u0105wszy od du\u017cych organizacji jak KSW, poprzez rozwijaj\u0105ce si\u0119, dla niekt\u00f3rych dziwne, jak Fame MMA. Ka\u017cda impreza w formule PPV (p\u0142a\u0107 za mo\u017cliwo\u015b\u0107 obejrzenia) ko\u0144czy si\u0119 finansowym sukcesem. Atrakcyjna formu\u0142a, znane twarze i kibice chc\u0105cy zap\u0142aci\u0107 za mo\u017cliwo\u015b\u0107 obejrzenia wydarzenia. Co ciekawe rosn\u0105cy udzia\u0142 p\u0142ac\u0105cej m\u0142odej populacji, kt\u00f3ra jest przyzwyczajona, \u017ce za dobr\u0105 tre\u015b\u0107 (content) musi zap\u0142aci\u0107 (patrz: Netflix, HBO Go, Disney+, Spotify i inne). My\u015bl\u0119, \u017ce jest ju\u017c najwy\u017cszy czas by to wykorzysta\u0107 i rozpocz\u0105\u0107 budow\u0119 nowego modelu kibicowania.<\/p>\n\n\n\n<h2 class=\"wp-block-heading\">Czy jest nadzieja?<\/h2>\n\n\n\n<p>Otwarte pozostaje pytanie, czy jeste\u015bmy w stanie zmieni\u0107 model kibicowania, tym samym wspierania polskiej pi\u0142ki no\u017cnej? Czy jest w Polsce potencja\u0142 kibica p\u0142ac\u0105cego za mecze polskiej ligi w TV? Mo\u017ce musimy pogodzi\u0107 si\u0119 z tym, \u017ce bez p\u0142acenia nadawcom, b\u0119dziemy mogli sobie jedynie bezp\u0142atnie i cyklicznie ponarzeka\u0107 na stan polskiej pi\u0142ki, czyli powi\u0119kszaj\u0105c\u0105 si\u0119 luk\u0119 dziel\u0105c\u0105 nas od zachodniej Europy? Pomy\u015blmy o tym podczas wakacyjnego odpoczynku \u015bledz\u0105c wyniki pierwszych mecz\u00f3w nowego sezonu pi\u0142karskiej Ekstraklasy.<\/p>\n\n\n\n<p>Krzysztof Buczkowski <\/p>\n","protected":false},"excerpt":{"rendered":"<p>Ekstraklasa przeci\u0119tno\u015bci Start nowego sezonu pi\u0142karskiej ekstraklasy jak zawsze jest okazj\u0105 do rozwa\u017ca\u0144 nad stanem polskiej pi\u0142ki no\u017cnej. Dlaczego jest tak \u017ale, \u017ce aktualny Mistrz Polski, czyli Lech Pozna\u0144 przyst\u0105pi do rozgrywek rozpami\u0119tuj\u0105c gorzk\u0105 pora\u017ck\u0119 z Karabachem Agdam w eliminacjach Ligi Mistrz\u00f3w. Na domiar z\u0142ego ten\u017ce Lech przegra\u0142 na inauguracj\u0119 z PGE FKS Stal\u0105 Mielec&hellip;<\/p>\n<p class=\"more-link\"><a href=\"https:\/\/buczkowski.ovh\/?p=614\" class=\"themebutton2\">Read More<\/a><\/p>\n","protected":false},"author":2,"featured_media":615,"comment_status":"closed","ping_status":"closed","sticky":false,"template":"","format":"standard","meta":{"footnotes":""},"categories":[2,4],"tags":[27,38,39,40,47,59,71,83,77,101],"class_list":["post-614","post","type-post","status-publish","format-standard","has-post-thumbnail","hentry","category-blog-2","category-najnowsze-wpisy","tag-ekstraklasa","tag-kibice","tag-kibice-pilkarscy","tag-kluby-pilkarskie","tag-krzysztof-buczkowski","tag-mma","tag-pilka-nozna","tag-platne-ogladanie","tag-ppv","tag-transmisje"],"_links":{"self":[{"href":"https:\/\/buczkowski.ovh\/index.php?rest_route=\/wp\/v2\/posts\/614","targetHints":{"allow":["GET"]}}],"collection":[{"href":"https:\/\/buczkowski.ovh\/index.php?rest_route=\/wp\/v2\/posts"}],"about":[{"href":"https:\/\/buczkowski.ovh\/index.php?rest_route=\/wp\/v2\/types\/post"}],"author":[{"embeddable":true,"href":"https:\/\/buczkowski.ovh\/index.php?rest_route=\/wp\/v2\/users\/2"}],"replies":[{"embeddable":true,"href":"https:\/\/buczkowski.ovh\/index.php?rest_route=%2Fwp%2Fv2%2Fcomments&post=614"}],"version-history":[{"count":0,"href":"https:\/\/buczkowski.ovh\/index.php?rest_route=\/wp\/v2\/posts\/614\/revisions"}],"wp:featuredmedia":[{"embeddable":true,"href":"https:\/\/buczkowski.ovh\/index.php?rest_route=\/wp\/v2\/media\/615"}],"wp:attachment":[{"href":"https:\/\/buczkowski.ovh\/index.php?rest_route=%2Fwp%2Fv2%2Fmedia&parent=614"}],"wp:term":[{"taxonomy":"category","embeddable":true,"href":"https:\/\/buczkowski.ovh\/index.php?rest_route=%2Fwp%2Fv2%2Fcategories&post=614"},{"taxonomy":"post_tag","embeddable":true,"href":"https:\/\/buczkowski.ovh\/index.php?rest_route=%2Fwp%2Fv2%2Ftags&post=614"}],"curies":[{"name":"wp","href":"https:\/\/api.w.org\/{rel}","templated":true}]}}