{"id":584,"date":"2022-04-29T12:37:52","date_gmt":"2022-04-29T10:37:52","guid":{"rendered":"http:\/\/buczkowski.eu\/?p=584"},"modified":"2022-04-29T12:37:52","modified_gmt":"2022-04-29T10:37:52","slug":"zapraszam-do-wysluchania-rozmowy","status":"publish","type":"post","link":"https:\/\/buczkowski.ovh\/?p=584","title":{"rendered":"Zapraszam do wys\u0142uchania rozmowy"},"content":{"rendered":"\n<p>Kilka dni temu mia\u0142em ogromn\u0105 przyjemno\u015b\u0107 opowiedzie\u0107 o mojej nowej ksi\u0105\u017cce &#8222;Zacovidowani&#8221;. Emocje, zw\u0142aszcza pokolenia &#8222;Z&#8221; s\u0105 niezwykle wa\u017cne. Warto je pozna\u0107. <\/p>\n\n\n\n<p>Zapraszam do wys\u0142uchania rozmowy.<\/p>\n\n\n\n<p><a href=\"https:\/\/ms-my.facebook.com\/radioplockfm\/videos\/go%C5%9B%C4%87-radia-p%C5%82ock-fm-doktor-krzysztof-buczkowski-autor-ksi%C4%85%C5%BCki-zacovidowani-pande\/660519425042115\/\" target=\"_blank\" rel=\"noreferrer noopener\">Link do rozmowy<\/a> lub <a href=\"https:\/\/fb.watch\/cHuQ-pUaIN\/\">Tutaj<\/a><\/p>\n\n\n\n<p><a href=\"https:\/\/fb.watch\/cHuQ-pUaIN\/\">https:\/\/fb.watch\/cHuQ-pUaIN\/<\/a><\/p>\n\n\n\n<p>Krzysztof Buczkowski<\/p>\n","protected":false},"excerpt":{"rendered":"<p>Kilka dni temu mia\u0142em ogromn\u0105 przyjemno\u015b\u0107 opowiedzie\u0107 o mojej nowej ksi\u0105\u017cce &#8222;Zacovidowani&#8221;. Emocje, zw\u0142aszcza pokolenia &#8222;Z&#8221; s\u0105 niezwykle wa\u017cne. Warto je pozna\u0107. Zapraszam do wys\u0142uchania rozmowy. Link do rozmowy lub Tutaj https:\/\/fb.watch\/cHuQ-pUaIN\/ Krzysztof Buczkowski<\/p>\n","protected":false},"author":2,"featured_media":590,"comment_status":"closed","ping_status":"closed","sticky":false,"template":"","format":"standard","meta":{"footnotes":""},"categories":[2,4],"tags":[11,15,47,67,90,113],"class_list":["post-584","post","type-post","status-publish","format-standard","has-post-thumbnail","hentry","category-blog-2","category-najnowsze-wpisy","tag-buczkowski-eu","tag-covid-19","tag-krzysztof-buczkowski","tag-pandemia","tag-rozmowa","tag-wywiad"],"_links":{"self":[{"href":"https:\/\/buczkowski.ovh\/index.php?rest_route=\/wp\/v2\/posts\/584","targetHints":{"allow":["GET"]}}],"collection":[{"href":"https:\/\/buczkowski.ovh\/index.php?rest_route=\/wp\/v2\/posts"}],"about":[{"href":"https:\/\/buczkowski.ovh\/index.php?rest_route=\/wp\/v2\/types\/post"}],"author":[{"embeddable":true,"href":"https:\/\/buczkowski.ovh\/index.php?rest_route=\/wp\/v2\/users\/2"}],"replies":[{"embeddable":true,"href":"https:\/\/buczkowski.ovh\/index.php?rest_route=%2Fwp%2Fv2%2Fcomments&post=584"}],"version-history":[{"count":0,"href":"https:\/\/buczkowski.ovh\/index.php?rest_route=\/wp\/v2\/posts\/584\/revisions"}],"wp:featuredmedia":[{"embeddable":true,"href":"https:\/\/buczkowski.ovh\/index.php?rest_route=\/wp\/v2\/media\/590"}],"wp:attachment":[{"href":"https:\/\/buczkowski.ovh\/index.php?rest_route=%2Fwp%2Fv2%2Fmedia&parent=584"}],"wp:term":[{"taxonomy":"category","embeddable":true,"href":"https:\/\/buczkowski.ovh\/index.php?rest_route=%2Fwp%2Fv2%2Fcategories&post=584"},{"taxonomy":"post_tag","embeddable":true,"href":"https:\/\/buczkowski.ovh\/index.php?rest_route=%2Fwp%2Fv2%2Ftags&post=584"}],"curies":[{"name":"wp","href":"https:\/\/api.w.org\/{rel}","templated":true}]}}