{"id":576,"date":"2022-04-09T22:44:35","date_gmt":"2022-04-09T20:44:35","guid":{"rendered":"http:\/\/buczkowski.eu\/?p=576"},"modified":"2022-04-09T22:44:35","modified_gmt":"2022-04-09T20:44:35","slug":"wojna-a-prawda-przekazu","status":"publish","type":"post","link":"https:\/\/buczkowski.ovh\/?p=576","title":{"rendered":"Tyle dobrego o Panu s\u0142ysza\u0142em, co z\u0142ego! Czyli o szukaniu ig\u0142y prawdy w stogu k\u0142amstw."},"content":{"rendered":"\n<h2 class=\"wp-block-heading\">Wojna to polityka<\/h2>\n\n\n\n<p>Wiod\u0105cy temat ostatnich tygodni to oczywi\u015bcie wojna w Ukrainie. Codzienne medialne analizy dotycz\u0105ce wariant\u00f3w koronawirusa i skuteczno\u015bci szczepie\u0144 zosta\u0142y skutecznie wyparte przez analizy ekspert\u00f3w wojennych i migracyjnych \u2013 od tych wieszcz\u0105cych trzeci\u0105 wojn\u0119 \u015bwiatow\u0105 i koniec cywilizacji w efekcie konfliktu atomowego, poprzez surowych strateg\u00f3w wojennych, a\u017c do spo\u0142ecznik\u00f3w i wolontariuszy z sercem na d\u0142oni nios\u0105cych wszelk\u0105 pomoc uchod\u017acom. Oznacza to, \u017ce trwa kolejny zmasowany atak informacyjny na nasze umys\u0142y. Oczywistym jest i chc\u0119 to mocno podkre\u015bli\u0107, \u017ce ka\u017cda przemoc, bez wzgl\u0119du na wymiar i zasi\u0119g jest z\u0142em, czyli winna by\u0107 pi\u0119tnowana i nieakceptowalna, jednak podobnie jak w przypadku pandemii zalecana jest daleko id\u0105ca ostro\u017cno\u015b\u0107 w przyswajaniu komunikat\u00f3w bez sprawdzenia rzetelno\u015bci \u017ar\u00f3d\u0142a i interesu informuj\u0105cego, poniewa\u017c dla wielu polityk\u00f3w wojna jest kolejnym tematem-okazj\u0105, do cynicznego ugrania kilku punkt\u00f3w na skali poparcia spo\u0142ecznego.<\/p>\n\n\n\n<h2 class=\"wp-block-heading\">Wojna a media<\/h2>\n\n\n\n<p>\u017byjemy w czasach kultu medi\u00f3w natychmiastowych (informacja plus reakcja tu i teraz), zatem przyzwyczaili\u015bmy si\u0119 ju\u017c do potoku wiadomo\u015bci (telewizor, radio, komputer, smartfon). Spora cz\u0119\u015b\u0107 odbiorc\u00f3w jest ju\u017c \u015bwiadoma proces\u00f3w manipulacyjnych i pr\u00f3buje t\u0119 wiedz\u0119 wykorzystywa\u0107. Niestety ca\u0142a masa u\u017cytkownik\u00f3w sieci ci\u0105gle bezrefleksyjnie przyswaja wszystko co zostanie im podane. W kontek\u015bcie konfliktu w Ukrainie pewn\u0105 ciekawostk\u0105 s\u0105 reakcje os\u00f3b publicznych (upowszechniana dzielnie przez r\u00f3\u017cne media), na narracj\u0119 Rosji, kt\u00f3ra jako strona konfliktu serwuje \u015bwiatu swoj\u0105 opowie\u015b\u0107. Najwa\u017cniejsi politycy rosyjscy przedstawiaj\u0105 w\u0142asn\u0105 &#8211; alternatywn\u0105 wersj\u0119 rzeczywisto\u015bci (od nazwy samego konfliktu \u201eoperacja specjalna\u201d zamiast wojna zaczynaj\u0105c, poprzez zaprzeczanie atakom na ludno\u015b\u0107 cywiln\u0105 czy u\u017cywanie okre\u015blonych \u2013 zakazanych konwencjami mi\u0119dzynarodowymi \u2013 rodzaj\u00f3w broni, a na demonizowaniu narodowo\u015bci ko\u0144cz\u0105c). Mo\u017cna nawet zauwa\u017cy\u0107 u nich swoisty wy\u015bcig w wymy\u015blaniu argumentacji maj\u0105cej uprawdopodobni\u0107 ich tok my\u015blenia (w roli g\u0142\u00f3wnej wyst\u0105pi\u0142 nawet barszcz!).<\/p>\n\n\n\n<p>S\u0142owa te s\u0105 nast\u0119pnie komentowane przez kolejnych polityk\u00f3w na ca\u0142ym \u015bwiecie. U niekt\u00f3rych z nich&nbsp; mo\u017cemy zaobserwowa\u0107 niezwyk\u0142\u0105 wr\u0119cz determinacj\u0119 w pr\u00f3bach po\u0142\u0105czenia ognia z wod\u0105 \u2013 czyli zauwa\u017cenia okrucie\u0144stwa, ale w taki spos\u00f3b by za bardzo nie urazi\u0107 Rosji. W tle oczywi\u015bcie gaz, ropa i inne wielkie pieni\u0105dze.<\/p>\n\n\n\n<h2 class=\"wp-block-heading\">Wojna a narracja<\/h2>\n\n\n\n<p>Ostatnio premier W\u0119gier buduj\u0105c swoj\u0105 opowie\u015b\u0107 polityczn\u0105, na pytanie o ocen\u0119 masakry ludno\u015bci cywilnej w ukrai\u0144skiej Buczy, w jego mniemaniu \u201epewnie\u201d sprytnie, wykorzysta\u0142 powszechne przekonanie, \u017ce dzi\u015b wszyscy manipuluj\u0105 informacj\u0105 i przekazem, zatem on wykazuje daleko id\u0105c\u0105 ostro\u017cno\u015b\u0107 w wyg\u0142aszaniu kategorycznych ocen. Zacytowany przez agencj\u0119 AFP, na konferencji prasowej w Budapeszcie (06.04.2022) powiedzia\u0142 \u2013 \u201eWszystkie przypadki trzeba dok\u0142adnie zbada\u0107. \u017byjemy w czasach masowej manipulacji, w kt\u00f3rych nie mo\u017cemy wierzy\u0107 nawet temu, co widzimy na w\u0142asne oczy\u201d. Dyplomacja unik\u00f3w.<\/p>\n\n\n\n<p>Szanowni Pa\u0144stwo, Ci z Was, kt\u00f3rzy jeszcze pr\u00f3buj\u0105 szuka\u0107 igie\u0142 prawdy w stogu k\u0142amstwa, niech ju\u017c si\u0119 nie \u0142udz\u0105. B\u0119dziemy mieli coraz wi\u0119cej oficjalnych wyst\u0105pie\u0144 najwa\u017cniejszych os\u00f3b, kt\u00f3re uczestnicz\u0105 w sprawowaniu w\u0142adzy, nosz\u0105cych znamiona ju\u017c nie p\u00f3\u0142prawd, ale bezczelnych k\u0142amstw. Kilka lat temu analitycy przestrzeni informacyjnej z niesmakiem wskazywali na Donalda Trumpa, kt\u00f3ry brylowa\u0142 w t\u0142umaczeniu wszystkiego \u201epo swojemu\u201d. Dzi\u015b takich \u201eTrump\u00f3w\u201d mamy ju\u017c jak wida\u0107 w ka\u017cdym zak\u0105tku \u015bwiata. Zaczynamy si\u0119 przyzwyczaja\u0107, a to nie wr\u00f3\u017cy dobrze na przysz\u0142o\u015b\u0107.<\/p>\n","protected":false},"excerpt":{"rendered":"<p>Wojna to polityka Wiod\u0105cy temat ostatnich tygodni to oczywi\u015bcie wojna w Ukrainie. Codzienne medialne analizy dotycz\u0105ce wariant\u00f3w koronawirusa i skuteczno\u015bci szczepie\u0144 zosta\u0142y skutecznie wyparte przez analizy ekspert\u00f3w wojennych i migracyjnych \u2013 od tych wieszcz\u0105cych trzeci\u0105 wojn\u0119 \u015bwiatow\u0105 i koniec cywilizacji w efekcie konfliktu atomowego, poprzez surowych strateg\u00f3w wojennych, a\u017c do spo\u0142ecznik\u00f3w i wolontariuszy z sercem&hellip;<\/p>\n<p class=\"more-link\"><a href=\"https:\/\/buczkowski.ovh\/?p=576\" class=\"themebutton2\">Read More<\/a><\/p>\n","protected":false},"author":2,"featured_media":577,"comment_status":"closed","ping_status":"closed","sticky":false,"template":"","format":"standard","meta":{"footnotes":""},"categories":[4],"tags":[17,30,47,53,72,103,108,109],"class_list":["post-576","post","type-post","status-publish","format-standard","has-post-thumbnail","hentry","category-najnowsze-wpisy","tag-dezinformacja","tag-fakenews","tag-krzysztof-buczkowski","tag-manipulacja","tag-polityka","tag-ukraina","tag-wegry","tag-wojna"],"_links":{"self":[{"href":"https:\/\/buczkowski.ovh\/index.php?rest_route=\/wp\/v2\/posts\/576","targetHints":{"allow":["GET"]}}],"collection":[{"href":"https:\/\/buczkowski.ovh\/index.php?rest_route=\/wp\/v2\/posts"}],"about":[{"href":"https:\/\/buczkowski.ovh\/index.php?rest_route=\/wp\/v2\/types\/post"}],"author":[{"embeddable":true,"href":"https:\/\/buczkowski.ovh\/index.php?rest_route=\/wp\/v2\/users\/2"}],"replies":[{"embeddable":true,"href":"https:\/\/buczkowski.ovh\/index.php?rest_route=%2Fwp%2Fv2%2Fcomments&post=576"}],"version-history":[{"count":0,"href":"https:\/\/buczkowski.ovh\/index.php?rest_route=\/wp\/v2\/posts\/576\/revisions"}],"wp:featuredmedia":[{"embeddable":true,"href":"https:\/\/buczkowski.ovh\/index.php?rest_route=\/wp\/v2\/media\/577"}],"wp:attachment":[{"href":"https:\/\/buczkowski.ovh\/index.php?rest_route=%2Fwp%2Fv2%2Fmedia&parent=576"}],"wp:term":[{"taxonomy":"category","embeddable":true,"href":"https:\/\/buczkowski.ovh\/index.php?rest_route=%2Fwp%2Fv2%2Fcategories&post=576"},{"taxonomy":"post_tag","embeddable":true,"href":"https:\/\/buczkowski.ovh\/index.php?rest_route=%2Fwp%2Fv2%2Ftags&post=576"}],"curies":[{"name":"wp","href":"https:\/\/api.w.org\/{rel}","templated":true}]}}