{"id":516,"date":"2021-07-01T12:22:41","date_gmt":"2021-07-01T10:22:41","guid":{"rendered":"http:\/\/buczkowski.eu\/?p=516"},"modified":"2021-07-01T12:22:41","modified_gmt":"2021-07-01T10:22:41","slug":"bystry-bo-niespieszny","status":"publish","type":"post","link":"https:\/\/buczkowski.ovh\/?p=516","title":{"rendered":"Bystry bo niespieszny\u2026 ?!?"},"content":{"rendered":"\n<h1 class=\"wp-block-heading\">Wakacyjnie czyli z lekkim oka przymru\u017ceniem\u2026<\/h1>\n\n\n\n<p>Dzieci ze \u015bwiadectwami w r\u0119kach weso\u0142o wybieg\u0142y ze szko\u0142y, a to oznacza rozpocz\u0119cie celebrowania dw\u00f3ch miesi\u0119cy wakacji. Wakacje maj\u0105 to do siebie, \u017ce ka\u017cdy pr\u00f3buje wypocz\u0105\u0107 i zrelaksowa\u0107 si\u0119 na zas\u0142u\u017conym urlopie. Niestety urlopy w XXI wieku naznaczone s\u0105 jeszcze bardziej intensywn\u0105 obecno\u015bci\u0105 urz\u0105dze\u0144 telekomunikacyjnych nachalnie wy\u015bwietlaj\u0105cych internety, socjale i inne mesend\u017cery (spolszczenia celowe). Skoro urlop to i og\u00f3lne rozleniwienie umys\u0142owe w trakcie korzystania z wy\u017cej wspomnianych. Jak radzi\u0107 sobie z t\u0105 swoist\u0105 kumulacj\u0105 zagro\u017ce\u0144 i paradoksalnie presj\u0105 czasu np. kontaktu ze z\u0142ymi tre\u015bciami, potencjalnie z\u0142e lub za szybkie reakcje w dyskusjach FB-owych (szczeg\u00f3lnie po alkoholu), czy natychmiastowe decyzje zakupowe itp.<br><\/p>\n\n\n\n<h1 class=\"wp-block-heading\">Brak maila \u2013 brak zagro\u017cenia<\/h1>\n\n\n\n<p>Zanim padnie propozycja antidotum, pozwol\u0119 sobie przywo\u0142a\u0107 przyk\u0142ad z \u017cycia wzi\u0119ty \u2013 nasz \u2026 polski \u2026lokalny. Ot\u00f3\u017c kilka tygodni temu (pocz\u0105tek czerwca 2021), na wielu oficjalnych stronach redakcji i instytucji Lubelszczyzny pojawi\u0142y si\u0119 gro\u017anie brzmi\u0105ce komunikaty o wiadomo\u015bciach mailowych informuj\u0105cych o rzekomym pod\u0142o\u017ceniu \u0142adunk\u00f3w wybuchowych w s\u0105dach, Urz\u0119dach Skarbowych, Izbie Obrachunkowej oraz jednostkach samorz\u0105du terytorialnego. Informacje tego typu dotar\u0142y do 22 obiekt\u00f3w na terenie wojew\u00f3dztwa lubelskiego. Oczywi\u015bcie, w takich przypadkach procedura jest jasna, czyli kierownik jednostki zarz\u0105dza ewakuacj\u0119 i powiadamia policj\u0119, a niekiedy w ramach zabezpieczenia pojawia si\u0119 stra\u017c po\u017carna oraz ratownicy medyczni. Tak te\u017c si\u0119 sta\u0142o w wi\u0119kszo\u015bci podmiot\u00f3w, kt\u00f3re podnios\u0142y tzw. alarm bombowy. Jednak jak si\u0119 okazuje, w jednej plac\u00f3wce reakcja by\u0142a inna, tzn. nie by\u0142o reakcji (sic!)\u2026 cisza\u2026<br><\/p>\n\n\n\n<p>Ot\u00f3\u017c, wiadomo\u015b\u0107 o pod\u0142o\u017conej bombie wys\u0142ana zosta\u0142a tak\u017ce do Urz\u0119du Gminy w Fajs\u0142awicach w powiecie krasnostawskim, gminy zamieszkiwanej przez 5 tys. ludzi. Jednak tutaj nikt nie przerwa\u0142 pracy ani nie wzywa\u0142 policji. Dlaczego? Poniewa\u017c urz\u0119dnicy odczytali maila dopiero nast\u0119pnego dnia. Na szcz\u0119\u015bcie wszystkie alarmy okaza\u0142y si\u0119 fa\u0142szywe, a policja poszukuje sprawc\u00f3w ca\u0142ego zamieszania.<\/p>\n\n\n\n<h1 class=\"wp-block-heading\">Dylematy komunikacyjne<\/h1>\n\n\n\n<p>To z pozoru b\u0142ahe (momentami zabawne) wydarzenie ujawnia powa\u017cny paradoks i mo\u017ce by\u0107 impulsem do postawienia wielu pyta\u0144 problemowych, np. jak cz\u0119sto urz\u0119dnik powinien sprawdza\u0107 maile? Czy cz\u0119stotliwo\u015b\u0107 sprawdzania poczty elektronicznej winna by\u0107 wpisana do regulaminu? Czy \u201epotencjalni zamachowcy\u201d zdaj\u0105 sobie spraw\u0119, \u017ce przy tak powa\u017cnym przedsi\u0119wzi\u0119ciu, jakim niew\u0105tpliwie jest pod\u0142o\u017cenie \u0142adunku, nie powinni polega\u0107 na tak \u201echimerycznym\u201d narz\u0119dziu komunikacyjnym jakim jest poczta elektroniczna? Przecie\u017c taki \u201ewa\u017cny\u201d mail mo\u017ce znikn\u0105\u0107 w zalewie innej korespondencji i by\u0107 odczytanym po fakcie, jak to mia\u0142o miejsce w przypadku Fajs\u0142awic, albo \u201eo zgrozo\u201d trafi\u0107 do SPAMU! Co wtedy? Kto poniesie odpowiedzialno\u015b\u0107?<\/p>\n\n\n\n<p>Ironia jest tu tylko pretekstem do p\u0142ynnego przej\u015bcia do innych naszych zachowa\u0144 w sieci dotycz\u0105cych w\u0142a\u015bnie tempa reakcji, a przede wszystkim wszelkiego typu komunikator\u00f3w i social medi\u00f3w, gdzie przecie\u017c natychmiastowa reakcja \u2013 ikona polubienia czy komentarz s\u0105 po\u017c\u0105dane, a ich brak odczytywany jest jako afront lub co najmniej jako niezbyt grzeczne zachowanie, a s\u0105 i tacy, kt\u00f3rzy w reakcji odwetowej &#8222;za brak reakcji&#8221; zablokuj\u0105 znajomego \u2026?!?<\/p>\n\n\n\n<h1 class=\"wp-block-heading\">Pomy\u015bl zanim zareagujesz<\/h1>\n\n\n\n<p>Nie da si\u0119 ukry\u0107, \u017ce w czasach gdy komunikacja wspomagana jest technologi\u0105, coraz powszechniejszym zjawiskiem jest z\u0142o\u015b\u0107 na brak natychmiastowej odpowiedzi, zw\u0142aszcza gdy nadawca wie, \u017ce odbiorca widzia\u0142 wiadomo\u015b\u0107 (a jak wiemy, ta funkcjonalno\u015b\u0107 jest standardowa i automatyczna w wielu aplikacjach). Szczeg\u00f3lnie m\u0142odzi ludzie m\u00f3wi\u0105 wr\u0119cz o ignorowaniu i braku szacunku! Czy aby na pewno powinni\u015bmy \u015blepo i\u015b\u0107 w kierunku tej e-natychmiastowo\u015bci? Mo\u017ce zdrowiej i bezpieczniej na nowo uczy\u0107 si\u0119 cierpliwo\u015bci i uszanowania prawa innego cz\u0142owieka do reakcji w swoim tempie \u2026 bo przecie\u017c cierpliwo\u015b\u0107 to taka pi\u0119kna cecha. Poza tym cierpliwo\u015b\u0107 to tak\u017ce szansa na dodatkowy czas na zastanowienie, przemy\u015blenia, analizy, czyli pozytywny wp\u0142yw na proces decyzyjny\u2026 oczywi\u015bcie najlepiej z konkretnym terminem zako\u0144czenia tego\u017c procesu.<br><\/p>\n\n\n\n<p>Udanych, spokojnych, smart urlop\u00f3w!<br>Krzysztof Buczkowski <\/p>\n\n\n\n<p>Be Smart Enough!<\/p>\n","protected":false},"excerpt":{"rendered":"<p>Wakacyjnie czyli z lekkim oka przymru\u017ceniem\u2026 Dzieci ze \u015bwiadectwami w r\u0119kach weso\u0142o wybieg\u0142y ze szko\u0142y, a to oznacza rozpocz\u0119cie celebrowania dw\u00f3ch miesi\u0119cy wakacji. Wakacje maj\u0105 to do siebie, \u017ce ka\u017cdy pr\u00f3buje wypocz\u0105\u0107 i zrelaksowa\u0107 si\u0119 na zas\u0142u\u017conym urlopie. Niestety urlopy w XXI wieku naznaczone s\u0105 jeszcze bardziej intensywn\u0105 obecno\u015bci\u0105 urz\u0105dze\u0144 telekomunikacyjnych nachalnie wy\u015bwietlaj\u0105cych internety, socjale&hellip;<\/p>\n<p class=\"more-link\"><a href=\"https:\/\/buczkowski.ovh\/?p=516\" class=\"themebutton2\">Read More<\/a><\/p>\n","protected":false},"author":2,"featured_media":517,"comment_status":"closed","ping_status":"closed","sticky":false,"template":"","format":"standard","meta":{"footnotes":""},"categories":[2,4,5],"tags":[7,14,16,19,60,85],"class_list":["post-516","post","type-post","status-publish","format-standard","has-post-thumbnail","hentry","category-blog-2","category-najnowsze-wpisy","category-styl-zycia","tag-alarmy","tag-cierpliwosc","tag-czas-odpowiedzi","tag-dylematy-komunikacyjne","tag-natychmiastowosc","tag-reakcja"],"_links":{"self":[{"href":"https:\/\/buczkowski.ovh\/index.php?rest_route=\/wp\/v2\/posts\/516","targetHints":{"allow":["GET"]}}],"collection":[{"href":"https:\/\/buczkowski.ovh\/index.php?rest_route=\/wp\/v2\/posts"}],"about":[{"href":"https:\/\/buczkowski.ovh\/index.php?rest_route=\/wp\/v2\/types\/post"}],"author":[{"embeddable":true,"href":"https:\/\/buczkowski.ovh\/index.php?rest_route=\/wp\/v2\/users\/2"}],"replies":[{"embeddable":true,"href":"https:\/\/buczkowski.ovh\/index.php?rest_route=%2Fwp%2Fv2%2Fcomments&post=516"}],"version-history":[{"count":0,"href":"https:\/\/buczkowski.ovh\/index.php?rest_route=\/wp\/v2\/posts\/516\/revisions"}],"wp:featuredmedia":[{"embeddable":true,"href":"https:\/\/buczkowski.ovh\/index.php?rest_route=\/wp\/v2\/media\/517"}],"wp:attachment":[{"href":"https:\/\/buczkowski.ovh\/index.php?rest_route=%2Fwp%2Fv2%2Fmedia&parent=516"}],"wp:term":[{"taxonomy":"category","embeddable":true,"href":"https:\/\/buczkowski.ovh\/index.php?rest_route=%2Fwp%2Fv2%2Fcategories&post=516"},{"taxonomy":"post_tag","embeddable":true,"href":"https:\/\/buczkowski.ovh\/index.php?rest_route=%2Fwp%2Fv2%2Ftags&post=516"}],"curies":[{"name":"wp","href":"https:\/\/api.w.org\/{rel}","templated":true}]}}