{"id":488,"date":"2021-03-23T11:28:45","date_gmt":"2021-03-23T10:28:45","guid":{"rendered":"http:\/\/buczkowski.eu\/?p=488"},"modified":"2021-03-23T11:28:45","modified_gmt":"2021-03-23T10:28:45","slug":"udawana-czy-prawdziwa-agresja-w-sporcie","status":"publish","type":"post","link":"https:\/\/buczkowski.ovh\/?p=488","title":{"rendered":"Udawana czy prawdziwa agresja w sporcie"},"content":{"rendered":"\n<h2 class=\"wp-block-heading\">Emocje sportowe<\/h2>\n\n\n\n<p>Ka\u017cdy z nas jest w pewnym momencie swojego \u017cycia kibicem. U jednych ten moment trwa d\u0142u\u017cej i ma symptomy sta\u0142ej postawy, a u innych jest chwilowym uniesieniem patriotycznego oddechu zwi\u0105zanego z konkretnym wydarzeniem sportowym \u2013 o charakterze lokalnym, krajowym lub mi\u0119dzynarodowym. Jedni kibicowali Ma\u0142yszowi, Stochowi czy reprezentacji Polski, a inni wspieraj\u0105 miejski klub koszykarski czy gminny siatkarski itp.<\/p>\n\n\n\n<p>Mnie r\u00f3wnie\u017c zdarza si\u0119 ulec duchowi kibicowskiemu i emocjonowa\u0107 si\u0119 wyst\u0119pem p\u0142ockich pi\u0142karzy r\u0119cznych Wis\u0142y Orlen P\u0142ock. Wydarzenia zaobserwowane podczas ostatniego pojedynku z odwiecznymi rywalami z Kielc podczas kolejnej tzw. \u201e\u015bwi\u0119tej wojny\u201d sk\u0142oni\u0142y mnie do g\u0142\u0119bszych przemy\u015ble\u0144 nt. agresji w sporcie, jej rzeczywistym wymiarze i wp\u0142ywie na ko\u0144cowy rezultat. Przegl\u0105daj\u0105c wyniki z ostatnich dziesi\u0119ciu lat nie da si\u0119 nie zauwa\u017cy\u0107, \u017ce P\u0142ock dostaje od kielczan regularne lanie. Pomimo dobrych (zmienianych regularnie) trener\u00f3w i zawodnik\u00f3w, satysfakcjonuj\u0105cych wyst\u0119p\u00f3w w Lidze Mistrz\u00f3w czy Lidze Europy, ci\u0105gle nie potrafimy przekonuj\u0105co wygra\u0107 z dru\u017cyn\u0105 Ta\u0142anta Dujszebajewa.<\/p>\n\n\n\n<p>Ostatni mecz by\u0142 18 marca podczas p\u00f3\u0142fina\u0142u Pucharu Polski pomi\u0119dzy Nasz\u0105 Wis\u0142\u0105 Orlen, a Kielcami. Nie jest wa\u017cne kto by\u0142 w formie, a kto by\u0142 lekko s\u0142abszy. Wa\u017cne, \u017ce na tablicy wynik\u00f3w by\u0142o wyj\u0105tkowo ca\u0142y czas blisko remisu. Ostatecznie przegrali\u015bmy tylko 2 bramkami, ale niedosyt pozosta\u0142. Znowu. Czy ta regularno\u015b\u0107 pora\u017cek z Kielcami i niestety s\u0142aby styl wi\u0119kszo\u015bci z nich nie powinien sk\u0142ania\u0107 do szukania powod\u00f3w troch\u0119 w innym miejscu?<\/p>\n\n\n\n<h2 class=\"wp-block-heading\">Pozorna agresja <\/h2>\n\n\n\n<p>My\u015bl\u0119, \u017ce tak i mam nawet pewne podejrzenia. Moim zdaniem, czyli zwyk\u0142ego kibica (jednak z pewn\u0105 wiedz\u0105 nt. postaw i zachowa\u0144 ludzkich ;-), chronicznie brakuje Naszej Dru\u017cynie tzw. sportowej z\u0142o\u015bci, a niekiedy wr\u0119cz kontrolowanej sportowej agresji (a wyj\u0105tkowo to nawet tej niekontrolowanej?!?). Nie trzeba by\u0107 geniuszem psychologii sportu by, poza niew\u0105tpliwym zmys\u0142em trenerskim Dujszebajewa, kt\u00f3ry ma do dyspozycji klasowych zawodnik\u00f3w, dostrzec jeszcze jeden drobny aczkolwiek bardzo istotny szczeg\u00f3\u0142, czyli zarz\u0105dzanie (kreowanie gry) poprzez konflikt. Jego ekspresja agresywno\u015bci jest niekiedy i\u015bcie teatralna i cz\u0119sto udziela si\u0119 zawodnikom z Kielc. Podobny wybuch mia\u0142 tak\u017ce miejsce w trakcie ostatniego meczu. Cytuj\u0105c Przegl\u0105d Sportowy, kt\u00f3ry podkre\u015bla: <em>\u201eAtakuj\u0105cy z impetem wi\u015black\u0105 bramk\u0119 Daniel Dujszebajew upad\u0142 i dozna\u0142 gro\u017anie wygl\u0105daj\u0105cej kontuzji kolana. Ta sytuacja wyprowadzi\u0142a z r\u00f3wnowagi Talanta Dujszebajewa. Trener kielczan zupe\u0142nie straci\u0142 panowanie nad sob\u0105, miotaj\u0105c przekle\u0144stwa z du\u017c\u0105 agresj\u0105 w kierunku delegata ZPRP. Dosta\u0142 czerwon\u0105 kartk\u0119 i reszt\u0119 meczu musia\u0142 ogl\u0105da\u0107 z trybun. Przerwa w grze trwa\u0142a kilka dobrych minut, a\u017c strach pomy\u015ble\u0107, co by si\u0119 dzia\u0142o w Hali Legion\u00f3w, gdyby na trybunach by\u0142 komplet kibic\u00f3w.\u201d<\/em> (<a href=\"https:\/\/www.przegladsportowy.pl\/pilka-reczna\/pilka-reczna-lomza-vive-kielce-orlen-wisla-plock-relacja-i-wynik-pp\/8rll9xb\">link<\/a>).<\/p>\n\n\n\n<p>Z uwagi na powtarzalno\u015b\u0107 pewnych reakcji tego trenera odrzuci\u0142bym szukanie powod\u00f3w w jego porywczym charakterze, a skupi\u0142bym si\u0119 w\u0142a\u015bnie na hipotezie zak\u0142adaj\u0105cej dzia\u0142anie z rozmys\u0142em i wyrachowaniem (bo dru\u017cyna mia\u0142a s\u0142abszy moment, nie wesz\u0142a dobrze w mecz, trener nie widzia\u0142 ducha walki u swoich pi\u0142karzy?), czyli niejako \u015bwiadome przesadne eksponowanie negatywnych emocji, wr\u0119cz agresji.<\/p>\n\n\n\n<h2 class=\"wp-block-heading\">Zarz\u0105dzanie konfliktem w sporcie, czy tylko styl gry<\/h2>\n\n\n\n<p>Wspomniana strategia zarz\u0105dzania ma swoich zwolennik\u00f3w w tradycyjnym biznesie (organizacji), ale tak\u017ce w ka\u017cdej dyscyplinie sportowej (nawet w szachach), zatem tym bardziej jest mile widziana w maksymalnie kontaktowej grze jak\u0105 jest pi\u0142ka r\u0119czna. By nie zanudzi\u0107 napisz\u0119 tylko, \u017ce jej fundamentem jest oddzia\u0142ywanie na pracownik\u00f3w (zawodnik\u00f3w) wszelkimi dost\u0119pnymi \u015brodkami przeciwdzia\u0142aj\u0105cymi niskiej aktywno\u015bci, apatii, marazmowi w celu wywo\u0142ania u nich inicjatywy dzia\u0142ania i wyzwolenia tw\u00f3rczego procesu rozwi\u0105zywania problem\u00f3w \u2013 tutaj w trakcie gry (meczu). Czy agresja w sporcie motywuje? Czy zmusza do dodatkowego wysi\u0142ku? Odpowiednio skanalizowana \u2013 TAK. Czy zachowanie trenera wp\u0142ywa na zawodnik\u00f3w? \u2013 TAK. Czy mo\u017cna nauczy\u0107 si\u0119 wyra\u017cania gniewu by by\u0107 autentycznym? \u2013 TAK. Mo\u017cna te\u017c oczywi\u015bcie by\u0107 z urodzenia cholerykiem, wtedy ma si\u0119 \u0142atwiej.<\/p>\n\n\n\n<p>Przejrza\u0142em komentarze i opinie dziennikarzy po przegranych meczach Wis\u0142y z Kielcami w ostatnich latach. Co znalaz\u0142em? W co drugim materiale powtarzaj\u0105ce si\u0119 stwierdzenia typu: \u201eWis\u0142a nie mog\u0142a poradzi\u0107 sobie z graj\u0105c\u0105 agresywnie, wysuni\u0119t\u0105 daleko od pola bramkowego defensyw\u0105 Kielc\u201d, \u201eWis\u0142a gra\u0142a za ma\u0142o agresywnie\u201d, \u201eNiebieskim brakowa\u0142o sportowej z\u0142o\u015bci\u201d, \u201e(\u2026) wyj\u0105tkowo pobudzeni gracze z Kielc\u2026\u201d. To jednoznacznie wskazuje, ze uwa\u017cne dziennikarskie oko dostrzega\u0142o ten element. <\/p>\n\n\n\n<h2 class=\"wp-block-heading\">Nauka agresji?<\/h2>\n\n\n\n<p>Okazuje si\u0119, \u017ce wykwalifikowany sztab szkoleniowy i wysokie umiej\u0119tno\u015bci indywidualne zawodnik\u00f3w winny zosta\u0107 uzupe\u0142nione o nauk\u0119 \u2026agresji sportowej. Zar\u00f3wno tej proaktywnej (przed zawodami), instrumentalnej (zgodnej z przepisami), ale te\u017c tej reaktywnej \u2013 czyli wywo\u0142ywanej sytuacj\u0105 na boisku (na granicy faul?). Inny podzia\u0142 agresji to: niedestruktywna i destruktywna, zak\u0142adaj\u0105ca sparali\u017cowanie aktywno\u015bci przeciwnika. Gdy zestawimy to wszystko z wybranymi (powtarzalnymi) sytuacjami na boisku (krzyki, wulgaryzmy, dynamiczne machanie r\u0119kami, podbieganie do przeciwnika (zawodnika, s\u0119dziego, dzia\u0142acza) czy pojedynki na gro\u017ane miny ;-), \u2026obraz zaczyna si\u0119 wyostrza\u0107.<\/p>\n\n\n\n<p class=\"has-text-align-left\">Wszak jak m\u00f3wi prof. Tadeusz Rychta (psycholog sportu z AWF Warszawa): \u201eMoim zdaniem bez agresji w sporcie osi\u0105gn\u0105\u0107 sukcesu nie mo\u017cna.\u201d To z kolei sugeruje, \u017ce coraz cz\u0119\u015bciej sportowcy, podobnie jak aktorzy, manipuluj\u0105 swoimi emocjami, by wp\u0142ywa\u0107 na rywali, a po\u015brednio tak\u017ce i na nas kibic\u00f3w. Pami\u0119tajmy o tym gdy sami stracimy rzeczywist\u0105 kontrol\u0119 nad emocjami, gdy nasza ukochana dru\u017cyna przegra, a My w porywie z\u0142o\u015bci b\u0119dziemy chcieli wyrzuci\u0107 telewizor\u2026 mo\u017ce to wszystko by\u0142o elementem show i szkoda nerw\u00f3w i telewizora\u2026<br>Be Smart Enough!<\/p>\n\n\n\n<p class=\"has-text-align-right\"><br>Krzysztof Buczkowski<\/p>\n\n\n\n<p><\/p>\n","protected":false},"excerpt":{"rendered":"<p>Emocje sportowe Ka\u017cdy z nas jest w pewnym momencie swojego \u017cycia kibicem. U jednych ten moment trwa d\u0142u\u017cej i ma symptomy sta\u0142ej postawy, a u innych jest chwilowym uniesieniem patriotycznego oddechu zwi\u0105zanego z konkretnym wydarzeniem sportowym \u2013 o charakterze lokalnym, krajowym lub mi\u0119dzynarodowym. Jedni kibicowali Ma\u0142yszowi, Stochowi czy reprezentacji Polski, a inni wspieraj\u0105 miejski klub&hellip;<\/p>\n<p class=\"more-link\"><a href=\"https:\/\/buczkowski.ovh\/?p=488\" class=\"themebutton2\">Read More<\/a><\/p>\n","protected":false},"author":2,"featured_media":0,"comment_status":"closed","ping_status":"closed","sticky":false,"template":"","format":"standard","meta":{"footnotes":""},"categories":[2,3,4,5],"tags":[6,47,75,102,116],"class_list":["post-488","post","type-post","status-publish","format-standard","hentry","category-blog-2","category-manipulacja-i-dezinformacja","category-najnowsze-wpisy","category-styl-zycia","tag-agresja-w-sporcie","tag-krzysztof-buczkowski","tag-pozorowana-agresja","tag-udawana-gresja","tag-zarzadzanie-konfliktem-w-sporcie"],"_links":{"self":[{"href":"https:\/\/buczkowski.ovh\/index.php?rest_route=\/wp\/v2\/posts\/488","targetHints":{"allow":["GET"]}}],"collection":[{"href":"https:\/\/buczkowski.ovh\/index.php?rest_route=\/wp\/v2\/posts"}],"about":[{"href":"https:\/\/buczkowski.ovh\/index.php?rest_route=\/wp\/v2\/types\/post"}],"author":[{"embeddable":true,"href":"https:\/\/buczkowski.ovh\/index.php?rest_route=\/wp\/v2\/users\/2"}],"replies":[{"embeddable":true,"href":"https:\/\/buczkowski.ovh\/index.php?rest_route=%2Fwp%2Fv2%2Fcomments&post=488"}],"version-history":[{"count":0,"href":"https:\/\/buczkowski.ovh\/index.php?rest_route=\/wp\/v2\/posts\/488\/revisions"}],"wp:attachment":[{"href":"https:\/\/buczkowski.ovh\/index.php?rest_route=%2Fwp%2Fv2%2Fmedia&parent=488"}],"wp:term":[{"taxonomy":"category","embeddable":true,"href":"https:\/\/buczkowski.ovh\/index.php?rest_route=%2Fwp%2Fv2%2Fcategories&post=488"},{"taxonomy":"post_tag","embeddable":true,"href":"https:\/\/buczkowski.ovh\/index.php?rest_route=%2Fwp%2Fv2%2Ftags&post=488"}],"curies":[{"name":"wp","href":"https:\/\/api.w.org\/{rel}","templated":true}]}}