{"id":481,"date":"2021-03-18T11:27:30","date_gmt":"2021-03-18T10:27:30","guid":{"rendered":"http:\/\/buczkowski.eu\/?p=481"},"modified":"2021-03-18T11:27:30","modified_gmt":"2021-03-18T10:27:30","slug":"szczepienia-na-covid-walka-o-rynek-czy-zdrowie","status":"publish","type":"post","link":"https:\/\/buczkowski.ovh\/?p=481","title":{"rendered":"Szczepienia na COVID \u2013 walka o rynek czy zdrowie?"},"content":{"rendered":"\n<h2 class=\"wp-block-heading\"><strong>Czy na pewno rz\u0105dzi popyt i poda\u017c na szczepionk\u0119?<\/strong><\/h2>\n\n\n\n<p>Wydawa\u0142oby si\u0119, \u017ce koncerny farmaceutyczne maj\u0105 wr\u0119cz doskona\u0142e warunki do promocji i monetyzacji swych produkt\u00f3w przeznaczonych do walki z objawami COVID \u2013 wszak mo\u017cliwo\u015bci wszystkich producent\u00f3w razem wzi\u0119tych nie nad\u0105\u017caj\u0105 za popytem generowanym przez zainteresowane zakupem kraje (z premedytacj\u0105 u\u017cy\u0142em s\u0142owa \u201eobjawami\u201d bo w\u0142a\u015bnie ono najcz\u0119\u015bciej pada w komunikatach wydawanych przez \u015bwiat medycyny! Ciekawe, \u017ce \u015brodowisko nie u\u017cywa bardziej zrozumia\u0142ych dla przeci\u0119tnego odbiorcy s\u0142\u00f3w np. \u201eszczepionka chroni\u0105ca przed zachorowaniem lub wprost przed dan\u0105 chorob\u0105\u201d? Podobno diabe\u0142 tkwi w szczeg\u00f3\u0142ach, a tu w\u0142a\u015bnie taki drobny szczeg\u00f3\u0142 jest!).<\/p>\n\n\n\n<h2 class=\"wp-block-heading\"><strong>Opinie ekspert\u00f3w<\/strong><\/h2>\n\n\n\n<p>Marzec 2021 to spore zawirowanie wok\u00f3\u0142 szczepionki AstraZeneca, poniewa\u017c ujawniono kilka przypadk\u00f3w zgon\u00f3w os\u00f3b zaszczepionych tym preparatem \u2013 zgony mia\u0142y nast\u0105pi\u0107 z powodu zakrzepicy \u017cy\u0142 m\u00f3zgowych i zator\u00f3w p\u0142ucnych. W zwi\u0105zku z tym 7 marca br. austriacki Federalny Urz\u0105d ds. Bezpiecze\u0144stwa w Opiece Zdrowotnej (BASG) postanowi\u0142 tymczasowo zawiesi\u0107 stosowanie szczepionki z serii ABV 5300, po nim do\u0142\u0105cza\u0142y kolejne kraje, a 15 marca br. tak\u017ce Ministerstwo Zdrowia Niemiec poinformowa\u0142o o swej analogicznej decyzji. Z kolei 16 marca br. szefowa Europejskiej Agencji Lek\u00f3w (www.ema.europa.eu) Emer Cooke og\u0142osi\u0142a, \u017ce nie ma obecnie wskaza\u0144, i\u017c szczepienia preparatem firmy AstraZeneca spowodowa\u0142y te skutki uboczne. Jednak\u017ce podkre\u015bli\u0142a, \u017ce b\u0119d\u0105 prowadzone dalsze analizy i badania. 17 marca tak\u017ce WHO (\u015awiatowa Organizacja Zdrowia) oficjalnie stwierdzi\u0142a, \u017ce korzy\u015bci wynikaj\u0105ce ze szczepionki AstraZeneca przewy\u017cszaj\u0105 ryzyko i zaleca kontynuowanie szczepie\u0144 (www.who.int). Co wa\u017cne polski rz\u0105d nie rekomenduje wycofania si\u0119 z wykorzystania tego preparatu.<\/p>\n\n\n\n<h2 class=\"wp-block-heading\"><strong>Gdzie jest prawda?<\/strong><\/h2>\n\n\n\n<p>Teraz nale\u017cy zada\u0107 pytania, czy ujawniane skutki uboczne, na czele ze zgonami mieszcz\u0105cymi si\u0119 w standardach (akceptowany przez nauk\u0119 margines) uzasadniaj\u0105 skal\u0119 zamieszania. Czy rezygnacje kraj\u00f3w maj\u0105 charakter czysto formalny i maj\u0105 na celu ochron\u0119 obywateli, czy mo\u017ce bardziej troszcz\u0105 si\u0119 o emocje ludzi i powi\u0105zane z nimi sympatie polityczne? Czy nie nale\u017cy sprawdzi\u0107 inspiracji po stronie przeciwnik\u00f3w biznesowych? Niezaprzeczalnym faktem jest, \u017ce szum informacyjny ju\u017c ma negatywne konsekwencje. Polscy seniorzy zaczynaj\u0105 rezygnowa\u0107 z zaplanowanych termin\u00f3w szczepie\u0144. Zatem kto zyska, a kto straci?<br><\/p>\n\n\n\n<p class=\"has-text-align-right\">Be Smart Enough!<br>Krzysztof Buczkowski<\/p>\n\n\n\n<p>fot. ema.europa.eu<\/p>\n","protected":false},"excerpt":{"rendered":"<p>Czy na pewno rz\u0105dzi popyt i poda\u017c na szczepionk\u0119? Wydawa\u0142oby si\u0119, \u017ce koncerny farmaceutyczne maj\u0105 wr\u0119cz doskona\u0142e warunki do promocji i monetyzacji swych produkt\u00f3w przeznaczonych do walki z objawami COVID \u2013 wszak mo\u017cliwo\u015bci wszystkich producent\u00f3w razem wzi\u0119tych nie nad\u0105\u017caj\u0105 za popytem generowanym przez zainteresowane zakupem kraje (z premedytacj\u0105 u\u017cy\u0142em s\u0142owa \u201eobjawami\u201d bo w\u0142a\u015bnie ono najcz\u0119\u015bciej&hellip;<\/p>\n<p class=\"more-link\"><a href=\"https:\/\/buczkowski.ovh\/?p=481\" class=\"themebutton2\">Read More<\/a><\/p>\n","protected":false},"author":2,"featured_media":484,"comment_status":"closed","ping_status":"closed","sticky":false,"template":"","format":"standard","meta":{"footnotes":""},"categories":[2,4],"tags":[8,15,47,91,99],"class_list":["post-481","post","type-post","status-publish","format-standard","has-post-thumbnail","hentry","category-blog-2","category-najnowsze-wpisy","tag-astrazeneca","tag-covid-19","tag-krzysztof-buczkowski","tag-smart-enough","tag-szczepienia"],"_links":{"self":[{"href":"https:\/\/buczkowski.ovh\/index.php?rest_route=\/wp\/v2\/posts\/481","targetHints":{"allow":["GET"]}}],"collection":[{"href":"https:\/\/buczkowski.ovh\/index.php?rest_route=\/wp\/v2\/posts"}],"about":[{"href":"https:\/\/buczkowski.ovh\/index.php?rest_route=\/wp\/v2\/types\/post"}],"author":[{"embeddable":true,"href":"https:\/\/buczkowski.ovh\/index.php?rest_route=\/wp\/v2\/users\/2"}],"replies":[{"embeddable":true,"href":"https:\/\/buczkowski.ovh\/index.php?rest_route=%2Fwp%2Fv2%2Fcomments&post=481"}],"version-history":[{"count":0,"href":"https:\/\/buczkowski.ovh\/index.php?rest_route=\/wp\/v2\/posts\/481\/revisions"}],"wp:featuredmedia":[{"embeddable":true,"href":"https:\/\/buczkowski.ovh\/index.php?rest_route=\/wp\/v2\/media\/484"}],"wp:attachment":[{"href":"https:\/\/buczkowski.ovh\/index.php?rest_route=%2Fwp%2Fv2%2Fmedia&parent=481"}],"wp:term":[{"taxonomy":"category","embeddable":true,"href":"https:\/\/buczkowski.ovh\/index.php?rest_route=%2Fwp%2Fv2%2Fcategories&post=481"},{"taxonomy":"post_tag","embeddable":true,"href":"https:\/\/buczkowski.ovh\/index.php?rest_route=%2Fwp%2Fv2%2Ftags&post=481"}],"curies":[{"name":"wp","href":"https:\/\/api.w.org\/{rel}","templated":true}]}}