{"id":473,"date":"2021-03-04T09:53:01","date_gmt":"2021-03-04T08:53:01","guid":{"rendered":"http:\/\/buczkowski.eu\/?p=473"},"modified":"2021-03-04T09:53:01","modified_gmt":"2021-03-04T08:53:01","slug":"pierwsze-urodziny-pandemii","status":"publish","type":"post","link":"https:\/\/buczkowski.ovh\/?p=473","title":{"rendered":"Pierwsze urodziny pandemii"},"content":{"rendered":"\n<p>Jakkolwiek dziwnie to brzmi, to faktycznie data 4 marca mo\u017ce by\u0107 symbolicznie uznana za pocz\u0105tek problemu z koronawirusem w Polsce. Wtedy to Ministerstwo Zdrowia poinformowa\u0142o o pierwszym potwierdzonym przypadku zaka\u017cenia SARS-CoV-2. Ca\u0142a Polska \u017cy\u0142a histori\u0105 tzw. \u201ePacjenta zero\u201d i zapoznawa\u0142a si\u0119 z zasadami kwarantanny os\u00f3b, kt\u00f3re mia\u0142y z nim kontakt. Kolejne wydarzenia to swoista podr\u00f3\u017c kolejk\u0105 g\u00f3rsk\u0105, pe\u0142n\u0105 moment\u00f3w grozy \u2013 pierwsze zgony, kolejne smutne rekordy (najwy\u017csza dobowa liczba zaka\u017ce\u0144 przypada na 7 listopada 2020 &#8211; 27 tys. 875 przypadk\u00f3w, a 25 listopada 2020 odnotowano a\u017c 674 zgon\u00f3w powi\u0105zanych z COVID-19) i wprowadzane restrykcje, a tak\u017ce nadzieje wi\u0105zane z okresow\u0105 popraw\u0105 sytuacji, \u0142agodzeniem obostrze\u0144 czy pojawieniem si\u0119 szczepionek.<br><\/p>\n\n\n\n<p>W mojej pami\u0119ci do\u015b\u0107 szczeg\u00f3lne miejsce zajmuje wspomnienie konferencji premiera z 13 marca 2020 roku, kiedy rz\u0105d potwierdzi\u0142 zamkni\u0119cie szk\u00f3\u0142 i przedszkoli. Od tego momentu konferencje prasowe po\u015bwi\u0119cone COVID-19 to nasza codzienno\u015b\u0107. Nawet trwaj\u0105ce od ponad dw\u00f3ch miesi\u0119cy szczepienia nie s\u0105 w stanie zahamowa\u0107 nadchodz\u0105cej trzeciej fali. Pojawiaj\u0105 si\u0119 kolejne trudne pytania o nowe mutacje wirusa czy o kondycj\u0119 psychiczn\u0105 dzieci i m\u0142odzie\u017cy, a tak\u017ce stan gospodarki. Jak \u017cy\u0107 w nowej pandemicznej rzeczywisto\u015bci? Zapraszam do wys\u0142uchania mojego premierowego podcastu i \u017cycz\u0119 wszystkim Nam du\u017co zdrowia, wszak ka\u017cde urodziny to okazja do dobrych \u017cycze\u0144.<br><\/p>\n\n\n\n<p class=\"has-text-align-right\">Krzysztof Buczkowski<\/p>\n\n\n\n<figure class=\"wp-block-embed is-type-video is-provider-youtube wp-block-embed-youtube wp-embed-aspect-16-9 wp-has-aspect-ratio\"><div class=\"wp-block-embed__wrapper\">\n<iframe loading=\"lazy\" title=\"Pierwsze urodziny pandemicznej normalno\u015bci - Krzysztof Buczkowski - socjolog spo\u0142ecznie u\u017cyteczny\" width=\"1170\" height=\"658\" src=\"https:\/\/www.youtube.com\/embed\/mXdyiORfGfM?feature=oembed\" frameborder=\"0\" allow=\"accelerometer; autoplay; clipboard-write; encrypted-media; gyroscope; picture-in-picture\" allowfullscreen><\/iframe>\n<\/div><\/figure>\n","protected":false},"excerpt":{"rendered":"<p>Jakkolwiek dziwnie to brzmi, to faktycznie data 4 marca mo\u017ce by\u0107 symbolicznie uznana za pocz\u0105tek problemu z koronawirusem w Polsce. Wtedy to Ministerstwo Zdrowia poinformowa\u0142o o pierwszym potwierdzonym przypadku zaka\u017cenia SARS-CoV-2. Ca\u0142a Polska \u017cy\u0142a histori\u0105 tzw. \u201ePacjenta zero\u201d i zapoznawa\u0142a si\u0119 z zasadami kwarantanny os\u00f3b, kt\u00f3re mia\u0142y z nim kontakt. Kolejne wydarzenia to swoista podr\u00f3\u017c&hellip;<\/p>\n<p class=\"more-link\"><a href=\"https:\/\/buczkowski.ovh\/?p=473\" class=\"themebutton2\">Read More<\/a><\/p>\n","protected":false},"author":2,"featured_media":0,"comment_status":"closed","ping_status":"closed","sticky":false,"template":"","format":"standard","meta":{"footnotes":""},"categories":[4],"tags":[47,67,105],"class_list":["post-473","post","type-post","status-publish","format-standard","hentry","category-najnowsze-wpisy","tag-krzysztof-buczkowski","tag-pandemia","tag-urodziny"],"_links":{"self":[{"href":"https:\/\/buczkowski.ovh\/index.php?rest_route=\/wp\/v2\/posts\/473","targetHints":{"allow":["GET"]}}],"collection":[{"href":"https:\/\/buczkowski.ovh\/index.php?rest_route=\/wp\/v2\/posts"}],"about":[{"href":"https:\/\/buczkowski.ovh\/index.php?rest_route=\/wp\/v2\/types\/post"}],"author":[{"embeddable":true,"href":"https:\/\/buczkowski.ovh\/index.php?rest_route=\/wp\/v2\/users\/2"}],"replies":[{"embeddable":true,"href":"https:\/\/buczkowski.ovh\/index.php?rest_route=%2Fwp%2Fv2%2Fcomments&post=473"}],"version-history":[{"count":0,"href":"https:\/\/buczkowski.ovh\/index.php?rest_route=\/wp\/v2\/posts\/473\/revisions"}],"wp:attachment":[{"href":"https:\/\/buczkowski.ovh\/index.php?rest_route=%2Fwp%2Fv2%2Fmedia&parent=473"}],"wp:term":[{"taxonomy":"category","embeddable":true,"href":"https:\/\/buczkowski.ovh\/index.php?rest_route=%2Fwp%2Fv2%2Fcategories&post=473"},{"taxonomy":"post_tag","embeddable":true,"href":"https:\/\/buczkowski.ovh\/index.php?rest_route=%2Fwp%2Fv2%2Ftags&post=473"}],"curies":[{"name":"wp","href":"https:\/\/api.w.org\/{rel}","templated":true}]}}