{"id":461,"date":"2021-02-18T13:29:31","date_gmt":"2021-02-18T12:29:31","guid":{"rendered":"http:\/\/buczkowski.eu\/?p=461"},"modified":"2021-02-18T13:29:31","modified_gmt":"2021-02-18T12:29:31","slug":"zagrozenie-utraty-zaufania","status":"publish","type":"post","link":"https:\/\/buczkowski.ovh\/?p=461","title":{"rendered":"Zagro\u017cenie utraty zaufania do informacji"},"content":{"rendered":"\n<p>Zapoznaj\u0105c si\u0119 z raportem na temat g\u0142\u00f3wnych czynnik\u00f3w ryzyka i najwi\u0119kszych zagro\u017ce\u0144 na \u015bwiecie pt. The Global Risk Report 2020, opracowanego z wielk\u0105 staranno\u015bci\u0105 przy udziale licznego grona \u015bwiatowych ekspert\u00f3w dla World Economic Forum \u2013 podmiotu znanego m.in. z organizacji \u015awiatowego Forum Ekonomicznego w Davos, w kt\u00f3rym niezmiennie uczestnicz\u0105 przyw\u00f3dcy pa\u0144stw i czo\u0142owi przedstawiciele \u015bwiata biznesu, mo\u017cna odnie\u015b\u0107 wra\u017cenie, \u017ce teoretycznie \u015bwiat jest przygotowany na zagro\u017cenia wynikaj\u0105ce z dezinformacji i destrukcyjnej roli fake-news.<br><\/p>\n\n\n\n<p>Co ciekawe we wspomnianym raporcie opr\u00f3cz opinii specjalist\u00f3w i ekspert\u00f3w wykorzystano r\u00f3wnie\u017c wyniki bada\u0144 ankietowych. W\u015br\u00f3d dziesi\u0119ciu najpowa\u017cniejszych zagro\u017ce\u0144, dok\u0142adnie na si\u00f3dmym miejscy ze wskazaniem 77 % respondent\u00f3w znajdziemy w\u0142a\u015bnie: utrat\u0119 zaufania do informacji podawanych w mediach, a tu\u017c za tym ryzykiem \u2013 wewn\u0119trzn\u0105 polaryzacj\u0119 polityczn\u0105, czyli rz\u0105dy ekstremist\u00f3w.<br><\/p>\n\n\n\n<p>Zatem Szanowni Pa\u0144stwo jest si\u0119 nad czym zastanawia\u0107 i coraz uwa\u017cniej \u015bledzi\u0107 przekaz medialny. Coraz wi\u0119cej os\u00f3b zdaje sobie spraw\u0119 z niebezpiecze\u0144stwa, ale jak przeanalizujemy zachowania spo\u0142eczne, to niestety praktyczne wykorzystanie wiedzy jest znikome. Dlatego kluczowa jest rola ci\u0105g\u0142ej edukacji w tym zakresie i podnoszenia \u015bwiadomo\u015bci.<\/p>\n\n\n\n<p class=\"has-text-align-right\">Krzysztof Buczkowski<\/p>\n","protected":false},"excerpt":{"rendered":"<p>Zapoznaj\u0105c si\u0119 z raportem na temat g\u0142\u00f3wnych czynnik\u00f3w ryzyka i najwi\u0119kszych zagro\u017ce\u0144 na \u015bwiecie pt. The Global Risk Report 2020, opracowanego z wielk\u0105 staranno\u015bci\u0105 przy udziale licznego grona \u015bwiatowych ekspert\u00f3w dla World Economic Forum \u2013 podmiotu znanego m.in. z organizacji \u015awiatowego Forum Ekonomicznego w Davos, w kt\u00f3rym niezmiennie uczestnicz\u0105 przyw\u00f3dcy pa\u0144stw i czo\u0142owi przedstawiciele \u015bwiata&hellip;<\/p>\n<p class=\"more-link\"><a href=\"https:\/\/buczkowski.ovh\/?p=461\" class=\"themebutton2\">Read More<\/a><\/p>\n","protected":false},"author":2,"featured_media":0,"comment_status":"closed","ping_status":"closed","sticky":false,"template":"","format":"standard","meta":{"footnotes":""},"categories":[4],"tags":[],"class_list":["post-461","post","type-post","status-publish","format-standard","hentry","category-najnowsze-wpisy"],"_links":{"self":[{"href":"https:\/\/buczkowski.ovh\/index.php?rest_route=\/wp\/v2\/posts\/461","targetHints":{"allow":["GET"]}}],"collection":[{"href":"https:\/\/buczkowski.ovh\/index.php?rest_route=\/wp\/v2\/posts"}],"about":[{"href":"https:\/\/buczkowski.ovh\/index.php?rest_route=\/wp\/v2\/types\/post"}],"author":[{"embeddable":true,"href":"https:\/\/buczkowski.ovh\/index.php?rest_route=\/wp\/v2\/users\/2"}],"replies":[{"embeddable":true,"href":"https:\/\/buczkowski.ovh\/index.php?rest_route=%2Fwp%2Fv2%2Fcomments&post=461"}],"version-history":[{"count":0,"href":"https:\/\/buczkowski.ovh\/index.php?rest_route=\/wp\/v2\/posts\/461\/revisions"}],"wp:attachment":[{"href":"https:\/\/buczkowski.ovh\/index.php?rest_route=%2Fwp%2Fv2%2Fmedia&parent=461"}],"wp:term":[{"taxonomy":"category","embeddable":true,"href":"https:\/\/buczkowski.ovh\/index.php?rest_route=%2Fwp%2Fv2%2Fcategories&post=461"},{"taxonomy":"post_tag","embeddable":true,"href":"https:\/\/buczkowski.ovh\/index.php?rest_route=%2Fwp%2Fv2%2Ftags&post=461"}],"curies":[{"name":"wp","href":"https:\/\/api.w.org\/{rel}","templated":true}]}}