{"id":372,"date":"2021-01-21T09:46:33","date_gmt":"2021-01-21T08:46:33","guid":{"rendered":"http:\/\/buczkowski.eu\/?p=372"},"modified":"2021-01-21T09:46:33","modified_gmt":"2021-01-21T08:46:33","slug":"na-cenzurowanym","status":"publish","type":"post","link":"https:\/\/buczkowski.ovh\/?p=372","title":{"rendered":"Na cenzurowanym!"},"content":{"rendered":"\n<p>Wydarzenia ostatnich tygodni sprawi\u0142y, \u017ce ca\u0142y \u015bwiat rozpocz\u0105\u0142 na nowo dyskusj\u0119 o wolno\u015bci s\u0142owa i swobodzie wypowiedzi w internecie. G\u0142\u00f3wn\u0105 przyczyn\u0105 otwarcia tej dysputy jest zablokowanie kont spo\u0142eczno\u015bciowych Donalda Trumpa po ataku jego zwolennik\u00f3w na Kapitol Stan\u00f3w Zjednoczonych. 45. Prezydentowi Stan\u00f3w Zjednoczonych zablokowano konta na Facebooku, YouTube, czy Twitterze &#8211; a ludzie z ca\u0142ego \u015bwiata zacz\u0119li m\u00f3wi\u0107 o cenzurze i ograniczaniu wolno\u015bci s\u0142owa w Internecie.<br><\/p>\n\n\n\n<p>W Polsce u\u017cytkownicy Internetu grzmi\u0105, poddaj\u0105c w w\u0105tpliwo\u015b\u0107 przestrzeganie wolno\u015bci s\u0142owa. Wed\u0142ug opinii internaut\u00f3w ka\u017cdy powiniem m\u00f3c wyra\u017ca\u0107 swoje pogl\u0105dy w sieci i nikomu nie powinno si\u0119 zamyka\u0107 drogi komunikacji. Warto przypomnie\u0107 sobie afer\u0119 Facebooka i Cambridge Analytica. Dane u\u017cytkownik\u00f3w tego spo\u0142eczno\u015bciowego portalu trafia\u0142y do Cambridge Analytica i mog\u0142y mie\u0107 istotny wp\u0142yw na wynik wybor\u00f3w prezydenckich w USA, w roku 2015.<br><\/p>\n\n\n\n<p>Ta dyskusja po raz kolejny pokazuje, \u017ce temat jest skomplikowany, poniewa\u017c z jednej strony pe\u0142na wolno\u015b\u0107 s\u0142owa to r\u00f3wnie\u017c przyzwolenie na publikowanie fake news, czyli \u201eprawie\u201d prawdziwych, fa\u0142szywych lub zmanipulowanych informacji. Powy\u017csze prowadzi do wniosku, \u017ce serwisy spo\u0142eczno\u015bciowe nie s\u0105 dobrym \u017ar\u00f3d\u0142em wiedzy o \u015bwiecie, dlatego wa\u017cne jest, by korzysta\u0107 z wiarygodnych \u017ar\u00f3de\u0142 przekazu, a wszelkie informacje wp\u0142ywaj\u0105ce na \u017cycie powinni\u015bmy potwierdza\u0107 w kilku \u017ar\u00f3d\u0142ach.<\/p>\n\n\n\n<p class=\"has-text-align-right\">Krzysztof Buczkowski<\/p>\n","protected":false},"excerpt":{"rendered":"<p>Wydarzenia ostatnich tygodni sprawi\u0142y, \u017ce ca\u0142y \u015bwiat rozpocz\u0105\u0142 na nowo dyskusj\u0119 o wolno\u015bci s\u0142owa i swobodzie wypowiedzi w internecie. G\u0142\u00f3wn\u0105 przyczyn\u0105 otwarcia tej dysputy jest zablokowanie kont spo\u0142eczno\u015bciowych Donalda Trumpa po ataku jego zwolennik\u00f3w na Kapitol Stan\u00f3w Zjednoczonych. 45. Prezydentowi Stan\u00f3w Zjednoczonych zablokowano konta na Facebooku, YouTube, czy Twitterze &#8211; a ludzie z ca\u0142ego \u015bwiata&hellip;<\/p>\n<p class=\"more-link\"><a href=\"https:\/\/buczkowski.ovh\/?p=372\" class=\"themebutton2\">Read More<\/a><\/p>\n","protected":false},"author":2,"featured_media":373,"comment_status":"closed","ping_status":"closed","sticky":false,"template":"","format":"standard","meta":{"footnotes":""},"categories":[4],"tags":[13,28],"class_list":["post-372","post","type-post","status-publish","format-standard","has-post-thumbnail","hentry","category-najnowsze-wpisy","tag-cenzura","tag-facebook"],"_links":{"self":[{"href":"https:\/\/buczkowski.ovh\/index.php?rest_route=\/wp\/v2\/posts\/372","targetHints":{"allow":["GET"]}}],"collection":[{"href":"https:\/\/buczkowski.ovh\/index.php?rest_route=\/wp\/v2\/posts"}],"about":[{"href":"https:\/\/buczkowski.ovh\/index.php?rest_route=\/wp\/v2\/types\/post"}],"author":[{"embeddable":true,"href":"https:\/\/buczkowski.ovh\/index.php?rest_route=\/wp\/v2\/users\/2"}],"replies":[{"embeddable":true,"href":"https:\/\/buczkowski.ovh\/index.php?rest_route=%2Fwp%2Fv2%2Fcomments&post=372"}],"version-history":[{"count":0,"href":"https:\/\/buczkowski.ovh\/index.php?rest_route=\/wp\/v2\/posts\/372\/revisions"}],"wp:featuredmedia":[{"embeddable":true,"href":"https:\/\/buczkowski.ovh\/index.php?rest_route=\/wp\/v2\/media\/373"}],"wp:attachment":[{"href":"https:\/\/buczkowski.ovh\/index.php?rest_route=%2Fwp%2Fv2%2Fmedia&parent=372"}],"wp:term":[{"taxonomy":"category","embeddable":true,"href":"https:\/\/buczkowski.ovh\/index.php?rest_route=%2Fwp%2Fv2%2Fcategories&post=372"},{"taxonomy":"post_tag","embeddable":true,"href":"https:\/\/buczkowski.ovh\/index.php?rest_route=%2Fwp%2Fv2%2Ftags&post=372"}],"curies":[{"name":"wp","href":"https:\/\/api.w.org\/{rel}","templated":true}]}}