{"id":357,"date":"2020-12-14T12:16:26","date_gmt":"2020-12-14T11:16:26","guid":{"rendered":"http:\/\/buczkowski.eu\/?p=357"},"modified":"2020-12-14T12:16:26","modified_gmt":"2020-12-14T11:16:26","slug":"dezinformacja-a-covid-19","status":"publish","type":"post","link":"https:\/\/buczkowski.ovh\/?p=357","title":{"rendered":"Dezinformacja a COVID-19"},"content":{"rendered":"<p>Choroba koronawirusowa, czyli <strong>COVID-19<\/strong> jest \u015bwiatowym problemem i nikt rozs\u0105dny ju\u017c nie stara si\u0119 temu zaprzecza\u0107. Niestety pandemia w po\u0142\u0105czeniu z powszechno\u015bci\u0105 dost\u0119pu do Internetu, a zw\u0142aszcza popularnych platform spo\u0142eczno\u015bciowych takich jak Facebook czy Instagram, ukaza\u0142a ogromne <strong>zagro\u017cenie dla zdrowia i \u017cycia<\/strong> ludzi p\u0142yn\u0105ce z nieodpowiedzialnego wykorzystania wspomnianych kana\u0142\u00f3w informacyjnych.<\/p>\n<p>Szczeg\u00f3lnie <strong>niebezpieczne<\/strong> s\u0105 wypowiedzi os\u00f3b znanych publicznie (aktor\u00f3w, piosenkarzy, internetowych tw\u00f3rc\u00f3w, polityk\u00f3w czy sportowc\u00f3w) kwestionuj\u0105cych fakt istnienia problemu koronawirusa, <strong>bagatelizuj\u0105ce<\/strong> jego konsekwencje zdrowotne czy snuj\u0105ce mniej lub bardziej fantastyczne teorie spiskowe. Jednym s\u0142owem dezinformacja w tym przypadku sta\u0142a si\u0119 \u015bmiertelnym ryzykiem i wymaga <strong>szczeg\u00f3lnej czujno\u015bci<\/strong> w ocenie tego co czytamy w sieci na temat koronawirusa i COVID-19.<\/p>\n<p><strong>Fa\u0142sz i dezinformacja<\/strong> mog\u0105 spowodowa\u0107 zamieszanie w kwestii osobistych wybor\u00f3w, kt\u00f3re powinny koncentrowa\u0107 si\u0119 na ratowaniu zdrowia i \u017cycia.<\/p>\n<p>Podsumowuj\u0105c, opierajmy si\u0119 na <strong>sprawdzonych<\/strong> informacjach pochodz\u0105cych z wiarygodnych \u017ar\u00f3de\u0142! Nie pot\u0119gujmy szumu informacyjnego poprzez udost\u0119pnianie i powielanie niesprawdzonych informacji udaj\u0105cych tylko wiarygodne lub wspierane przez pseudoautorytety.<br \/>\nW walk\u0119 z dezinformacj\u0105 lub wr\u0119cz fa\u0142szywymi i szkodliwymi tre\u015bciami musimy w\u0142\u0105czy\u0107 si\u0119 wszyscy, kt\u00f3rzy jeste\u015bmy \u015bwiadomi zagro\u017cenia.<\/p>\n<p>Pomoc\u0105 s\u0142u\u017c\u0105 organizacje mi\u0119dzynarodowe, kt\u00f3re jak na przyk\u0142ad ONZ przygotowuj\u0105 dedykowane serwisy \u2013 poradniki i wyja\u015bnienia. Interesuj\u0105c\u0105 koncepcj\u0105 jest propozycja przygotowana wsp\u00f3lnie przez UNESCO i UNITAR w postaci mobilnego kursu e-learningowego pn. Zwalczanie pandemii dezinformacji (dost\u0119pny tutaj: <a href=\"https:\/\/en.unesco.org\/covid19\/disinfodemic\" target=\"_blank\" rel=\"noopener\">https:\/\/en.unesco.org\/covid19\/disinfodemic<\/a>).<\/p>\n<p>Krzysztof Buczkowski<\/p>\n","protected":false},"excerpt":{"rendered":"<p>Choroba koronawirusowa, czyli COVID-19 jest \u015bwiatowym problemem i nikt rozs\u0105dny ju\u017c nie stara si\u0119 temu zaprzecza\u0107. Niestety pandemia w po\u0142\u0105czeniu z powszechno\u015bci\u0105 dost\u0119pu do Internetu, a zw\u0142aszcza popularnych platform spo\u0142eczno\u015bciowych takich jak Facebook czy Instagram, ukaza\u0142a ogromne zagro\u017cenie dla zdrowia i \u017cycia ludzi p\u0142yn\u0105ce z nieodpowiedzialnego wykorzystania wspomnianych kana\u0142\u00f3w informacyjnych. Szczeg\u00f3lnie niebezpieczne s\u0105 wypowiedzi os\u00f3b&hellip;<\/p>\n<p class=\"more-link\"><a href=\"https:\/\/buczkowski.ovh\/?p=357\" class=\"themebutton2\">Read More<\/a><\/p>\n","protected":false},"author":2,"featured_media":358,"comment_status":"closed","ping_status":"closed","sticky":false,"template":"","format":"standard","meta":{"footnotes":""},"categories":[4],"tags":[15,17,41,67,78,118,119],"class_list":["post-357","post","type-post","status-publish","format-standard","has-post-thumbnail","hentry","category-najnowsze-wpisy","tag-covid-19","tag-dezinformacja","tag-koronawirus","tag-pandemia","tag-prawda","tag-zdrowie","tag-zycie"],"_links":{"self":[{"href":"https:\/\/buczkowski.ovh\/index.php?rest_route=\/wp\/v2\/posts\/357","targetHints":{"allow":["GET"]}}],"collection":[{"href":"https:\/\/buczkowski.ovh\/index.php?rest_route=\/wp\/v2\/posts"}],"about":[{"href":"https:\/\/buczkowski.ovh\/index.php?rest_route=\/wp\/v2\/types\/post"}],"author":[{"embeddable":true,"href":"https:\/\/buczkowski.ovh\/index.php?rest_route=\/wp\/v2\/users\/2"}],"replies":[{"embeddable":true,"href":"https:\/\/buczkowski.ovh\/index.php?rest_route=%2Fwp%2Fv2%2Fcomments&post=357"}],"version-history":[{"count":0,"href":"https:\/\/buczkowski.ovh\/index.php?rest_route=\/wp\/v2\/posts\/357\/revisions"}],"wp:featuredmedia":[{"embeddable":true,"href":"https:\/\/buczkowski.ovh\/index.php?rest_route=\/wp\/v2\/media\/358"}],"wp:attachment":[{"href":"https:\/\/buczkowski.ovh\/index.php?rest_route=%2Fwp%2Fv2%2Fmedia&parent=357"}],"wp:term":[{"taxonomy":"category","embeddable":true,"href":"https:\/\/buczkowski.ovh\/index.php?rest_route=%2Fwp%2Fv2%2Fcategories&post=357"},{"taxonomy":"post_tag","embeddable":true,"href":"https:\/\/buczkowski.ovh\/index.php?rest_route=%2Fwp%2Fv2%2Ftags&post=357"}],"curies":[{"name":"wp","href":"https:\/\/api.w.org\/{rel}","templated":true}]}}